{"id":1013,"date":"2009-11-23T13:26:13","date_gmt":"2009-11-23T12:26:13","guid":{"rendered":"http:\/\/kalisce.com\/blog\/?p=1013"},"modified":"2009-11-23T19:58:10","modified_gmt":"2009-11-23T18:58:10","slug":"vikend-rekordov","status":"publish","type":"post","link":"https:\/\/kalisce.com\/blog\/2009\/11\/23\/vikend-rekordov\/","title":{"rendered":"Vikend rekordov"},"content":{"rendered":"<div id=\"attachment_1014\" style=\"width: 360px\" class=\"wp-caption alignleft\"><a href=\"https:\/\/kalisce.com\/blog\/foto\/2009\/091122\/index.html\"><img loading=\"lazy\" decoding=\"async\" aria-describedby=\"caption-attachment-1014\" class=\"size-full wp-image-1014\" title=\"Na vrhu Stor\u017ei\u010da\" src=\"https:\/\/kalisce.com\/blog\/wp-content\/uploads\/2009\/11\/DSC02450.JPG\" alt=\"Na vrhu Stor\u017ei\u010da\" width=\"350\" height=\"259\" srcset=\"https:\/\/kalisce.com\/blog\/wp-content\/uploads\/2009\/11\/DSC02450.JPG 350w, https:\/\/kalisce.com\/blog\/wp-content\/uploads\/2009\/11\/DSC02450-150x111.jpg 150w, https:\/\/kalisce.com\/blog\/wp-content\/uploads\/2009\/11\/DSC02450-300x222.jpg 300w\" sizes=\"(max-width: 350px) 100vw, 350px\" \/><\/a><p id=\"caption-attachment-1014\" class=\"wp-caption-text\">Na vrhu Stor\u017ei\u010da<\/p><\/div>\n<p>Minuli konec tedna je bil pa vikend prese\u017ekov v vseh pogledih \ud83d\ude42<\/p>\n<p>Zelo toplo jesensko vreme je zvabilo v hribe ogromno pohodnikov. Poleg Kali\u0161\u010da je bil zelo obiskan tudi vrh Stor\u017ei\u010da. Nekateri (npr. Janez &#8211; avtor fotografij z vrha) so bili na vrhu kar ve\u010d dni zapored \u2757 .<\/p>\n<p>Odli\u010den <strong>harmonikar Toma\u017e<\/strong> je v soboto uspe\u0161no prepre\u010deval odhod planincev v dolino. Veselica je trajala do no\u010di.<\/p>\n<p>Vso lepoto mehkih jesenskih barv velikokrat vidimo \u0161ele na fotografijah. Komentirati jih nima smisla &#8211; enostavno prelepo.<\/p>\n<p>Vsem, ki mi pomagajo pri tovorni \u017ei\u010dnici, se tudi na tem mestu lepo zahvaljujem \u2757 .<\/p>\n<p>\u0160e to: Poleti smo imeli ultra-maratonski tek preko Slovenije &#8211; <strong><a href=\"http:\/\/trans-slo.si\/\">Trans Slovenija<\/a><\/strong>, februarja bomo pa organizirali <strong><a href=\"http:\/\/winter.trans-slo.si\/\">zimsko razli\u010dico<\/a><\/strong> tega teka.<\/p>\n<p><strong><a href=\"https:\/\/kalisce.com\/blog\/foto\/2009\/091122\/index.html\">Galerija<\/a> <\/strong><\/p>\n<p><strong><a href=\"http:\/\/www.youtube.com\/watch?v=CkUWT0Iu21U\">Film<\/a><\/strong><\/p>\n<p><strong><strong><strong><strong><strong><a style=\"color: #a0bc00; text-decoration: none;\" href=\"https:\/\/kalisce.com\/blog\/vpisi\/2009\/221109.pdf\">KLJUKA \u2013 vpisi do 22. novembra 2009<\/a><\/strong><\/strong><\/strong><\/strong><\/strong><\/p>\n","protected":false},"excerpt":{"rendered":"<p>Minuli konec tedna je bil pa vikend prese\u017ekov v vseh pogledih \ud83d\ude42 Zelo toplo jesensko vreme je zvabilo v hribe ogromno pohodnikov. Poleg Kali\u0161\u010da je bil zelo obiskan tudi vrh Stor\u017ei\u010da. Nekateri (npr. Janez &#8211; avtor fotografij z vrha) so bili na vrhu kar ve\u010d dni zapored \u2757 . Odli\u010den harmonikar Toma\u017e je v soboto [&hellip;]<\/p>\n","protected":false},"author":2,"featured_media":0,"comment_status":"open","ping_status":"open","sticky":false,"template":"","format":"standard","meta":{"footnotes":""},"categories":[9,8],"tags":[],"_links":{"self":[{"href":"https:\/\/kalisce.com\/blog\/wp-json\/wp\/v2\/posts\/1013"}],"collection":[{"href":"https:\/\/kalisce.com\/blog\/wp-json\/wp\/v2\/posts"}],"about":[{"href":"https:\/\/kalisce.com\/blog\/wp-json\/wp\/v2\/types\/post"}],"author":[{"embeddable":true,"href":"https:\/\/kalisce.com\/blog\/wp-json\/wp\/v2\/users\/2"}],"replies":[{"embeddable":true,"href":"https:\/\/kalisce.com\/blog\/wp-json\/wp\/v2\/comments?post=1013"}],"version-history":[{"count":9,"href":"https:\/\/kalisce.com\/blog\/wp-json\/wp\/v2\/posts\/1013\/revisions"}],"predecessor-version":[{"id":1018,"href":"https:\/\/kalisce.com\/blog\/wp-json\/wp\/v2\/posts\/1013\/revisions\/1018"}],"wp:attachment":[{"href":"https:\/\/kalisce.com\/blog\/wp-json\/wp\/v2\/media?parent=1013"}],"wp:term":[{"taxonomy":"category","embeddable":true,"href":"https:\/\/kalisce.com\/blog\/wp-json\/wp\/v2\/categories?post=1013"},{"taxonomy":"post_tag","embeddable":true,"href":"https:\/\/kalisce.com\/blog\/wp-json\/wp\/v2\/tags?post=1013"}],"curies":[{"name":"wp","href":"https:\/\/api.w.org\/{rel}","templated":true}]}}