{"id":1031,"date":"2009-11-30T13:22:34","date_gmt":"2009-11-30T12:22:34","guid":{"rendered":"http:\/\/kalisce.com\/blog\/?p=1031"},"modified":"2009-11-30T16:39:58","modified_gmt":"2009-11-30T15:39:58","slug":"megla-z-dezjem","status":"publish","type":"post","link":"https:\/\/kalisce.com\/blog\/2009\/11\/30\/megla-z-dezjem\/","title":{"rendered":"Megla z de\u017ejem"},"content":{"rendered":"<div id=\"attachment_1032\" style=\"width: 360px\" class=\"wp-caption alignleft\"><a href=\"https:\/\/kalisce.com\/blog\/foto\/2009\/091129\/index.html\"><img loading=\"lazy\" decoding=\"async\" aria-describedby=\"caption-attachment-1032\" class=\"size-full wp-image-1032 \" title=\"Gasilska med spustom - foto Andrej Mir\" src=\"https:\/\/kalisce.com\/blog\/wp-content\/uploads\/2009\/11\/291109.jpg\" alt=\"Gasilska med spustom\" width=\"350\" height=\"224\" srcset=\"https:\/\/kalisce.com\/blog\/wp-content\/uploads\/2009\/11\/291109.jpg 350w, https:\/\/kalisce.com\/blog\/wp-content\/uploads\/2009\/11\/291109-150x96.jpg 150w, https:\/\/kalisce.com\/blog\/wp-content\/uploads\/2009\/11\/291109-300x192.jpg 300w\" sizes=\"(max-width: 350px) 100vw, 350px\" \/><\/a><p id=\"caption-attachment-1032\" class=\"wp-caption-text\">Gasilska med spustom - foto Andrej Mir<\/p><\/div>\n<p><span style=\"background-color: #ffffff;\">Megleno in turobno vreme nas ni motilo na zabavi ob zvokih Partizanskega pevskega zbora, kjer smo praznovali biv\u0161i in \u0161e vedno za mnoge aktualni praznik  <strong>Dan republike<\/strong>.<\/span><\/p>\n<p>Za nami je \u017ee tretja tekma v sklopu <strong><a href=\"https:\/\/kalisce.com\/blog\/zimska-liga\/\">zimske lige<\/a><\/strong>. Obiskal nas je tudi <strong>g. Tomo \u0160arf <\/strong>in prav je, da objavim njegovo pismo, ki mi ga je poslal. Mogo\u010de se pa koga kaj prime:<\/p>\n<p><strong>Pozdravljen!<\/strong><\/p>\n<p><strong> <\/strong><\/p>\n<p><strong>V\u010deraj sem se napotil na Kali\u0161\u010de \u2013 malo zaradi dru\u0161\u010dine, malo zato, da sem si prepucal plju\u010da in glavo. Vreme nam tokrat ni bilo naklonjeno, a ni\u010d za to.<br \/>\n<span style=\"font-weight: normal; background-color: #ffffff;\"><strong>Spremljal sem udele\u017eence zimske lige na Kali\u0161\u010de, vmes pa \u00bbmeditiral\u00ab na temo videnega.<br \/>\n<span style=\"font-weight: normal; background-color: #ffffff;\"><strong><span style=\"font-weight: normal; background-color: #ffffff;\"><strong>Na vsak na\u010din pozdravljam idejo \u2013 predvsem mi je v\u0161e\u010d poudarek na dru\u017eenju in manj na tekmovalnosti, \u010deprav vsi vemo kako zgleda, ko se zapodimo proti cilju.<br \/>\n<span style=\"font-weight: normal; background-color: #ffffff;\"><strong><span style=\"font-weight: normal; background-color: #ffffff;\"><strong>Tudi malo manj formalna oblika tekme mi je simpati\u010dna (brez \u0161tevilk, formalno ozna\u010denega starta in cilja ter merjenje \u010dasa itd).<br \/>\n<span style=\"font-weight: normal; background-color: #ffffff;\"><strong><span style=\"font-weight: normal; background-color: #ffffff;\"><strong>Na noben na\u010din pa ne morem mimo zadeve, ki mi je padla v o\u010di takoj, ko sem videl \u00bb\u010dredico\u00ab teka\u010dev na poti proti cilju.<br \/>\n<span style=\"font-weight: normal; background-color: #ffffff;\"><strong>Ne morem sprejeti na\u010dina izbire poti oziroma dejstva, da ubirate (ubirajo) poljubne bli\u017enjice\u2026<br \/>\n<span style=\"font-weight: normal; background-color: #ffffff;\"><strong><span style=\"font-weight: normal; background-color: #ffffff;\"><strong>Ko se zazre\u0161 v pobo\u010dje, je vse prepredeno s temi novimi \u00bbpotmi\u00ab, od katerih jih je verjetno precej \u017ee starih, skoraj pa bi si upal trditi, da so \u00bbna\u0161i fantje\u00ab precej doprinesli k stanju na pobo\u010djih pod Kali\u0161\u010dem, ki v\u010dasih meji kar na opusto\u0161enje. Tudi zato, ker se jih ve\u010dina po teh istih bli\u017enjicah tudi vra\u010da.<br \/>\n<span style=\"font-weight: normal; background-color: #ffffff;\"><strong>Zadeva me vse preve\u010d spominja na \u00bbmoje Kali\u0161\u010de\u00ab &#8211; meni bli\u017enjo \u0160marno goro, kjer trume obiskovalcev zaradi iskanja novih in novih poti spreminjajo pobo\u010dja v eno samo razrito hosto.<br \/>\n<span style=\"font-weight: normal; background-color: #ffffff;\"><strong><span style=\"font-weight: normal; background-color: #ffffff;\"><strong>Pristop proste izbire najkraj\u0161e (najhitrej\u0161e) poti je skregan z miselnostjo, ki jo podpiramo v Zdru\u017eenju za gorske teke in tudi na nivoju svetovne zveza za gorske teke. Eno od osnovnih na\u010del, ki se jih sku\u0161amo dr\u017eati tako na svetovnem kot na lokalnem nivoju je skrb za okolje. Navsezadnje nas ve\u010dina rada zahaja v neokrnjen gorski svet tudi \u00bbnetekmovalno\u00ab, iskat mir, sprostitve, dru\u017eenja s somi\u0161ljeniki\u2026<br \/>\n<span style=\"font-weight: normal; background-color: #ffffff;\"><strong><span style=\"font-weight: normal; background-color: #ffffff;\"><strong>\u0160portne prireditve, ki se odvijajo na planinskih poteh, opredeljuje tudi Zakon o planinskih poteh iz leta 2007, katerega povzetek smo objavili tudi v Informatorju 2008.<br \/>\n<span style=\"font-weight: normal; background-color: #ffffff;\"><strong><span style=\"font-weight: normal; background-color: #ffffff;\"><strong>Torej, jemljem si pravico, da vam svetujem, da zadevo malo spremenite v smislu varovanja narave in sprejmete pravilo, ki obvezuje udele\u017eence, da se dr\u017eijo uhojene markirane poti na Kali\u0161\u010de.<br \/>\n<span style=\"font-weight: normal; background-color: #ffffff;\"><strong>Osebno bi naredil celo korak naprej \u2013 sezonsko \u0161tartnino bi povi\u0161al za 5 ali celo 10 Eurov in ta denar javno namenil vzdr\u017eevanju markirane poti na Kali\u0161\u010de.<br \/>\n<span style=\"font-weight: normal; background-color: #ffffff;\"><strong><span style=\"font-weight: normal; background-color: #ffffff;\"><strong>Upam, da bo pobuda padla na plodna tla, tako kot pobuda o opustitvi tekme \u00bbgor-dol-gor\u00ab, ki je bila res malo preve\u010d tvegana glede zagotavljanja varnosti udele\u017eencev.<br \/>\n<span style=\"font-weight: normal; background-color: #ffffff;\"><strong><span style=\"font-weight: normal; background-color: #ffffff;\"><strong>Nasvidenje eno do prihodnjih nedelj in lep pozdrav,<\/strong><\/span><\/strong><\/span><\/strong><\/span><\/strong><\/span><\/strong><\/span><\/strong><\/span><\/strong><\/span><\/strong><\/span><\/strong><\/span><\/strong><\/span><\/strong><\/span><\/strong><\/span><\/strong><\/span><\/strong><\/span><\/strong><\/span><\/strong><\/span><\/strong><\/span><\/strong><\/span><\/strong><\/span><\/strong><\/span><\/strong><\/span><\/strong><\/span><\/strong><\/p>\n<p><strong><span style=\"font-weight: normal; background-color: #ffffff;\"><strong>Tomo<\/strong><\/span><\/strong><\/p>\n<p><strong><span style=\"font-weight: normal; background-color: #ffffff;\"><strong><a href=\"https:\/\/kalisce.com\/blog\/foto\/2009\/091129\/index.html\">Galerija<\/a><\/strong><\/span><\/strong><\/p>\n<p><strong><span style=\"font-weight: normal; background-color: #ffffff;\"><strong><strong><strong><strong><strong><strong><a style=\"color: #a0bc00; text-decoration: none;\" href=\"https:\/\/kalisce.com\/blog\/vpisi\/2009\/291109.pdf\">KLJUKA \u2013 vpisi do 29. novembra 2009<\/a><\/strong><\/strong><\/strong><\/strong><\/strong><\/strong><\/span><\/strong><\/p>\n<p><strong>\u0160e malo statistike po dveh mesecih<\/strong>:<br \/>\n&#8211; v knjigo se vpisuje <strong>377<\/strong> planincev<br \/>\n&#8211; imamo \u017ee <strong>265<\/strong> \u010dlanov KLJUK, med njimi <strong>54<\/strong> letos prvi\u010d<br \/>\n&#8211; dnevno se vpi\u0161e povpre\u010dno <strong>159<\/strong> planincev<br \/>\n&#8211; vse vpise ima \u0161e <strong>46<\/strong> KLJUK<\/p>\n","protected":false},"excerpt":{"rendered":"<p>Megleno in turobno vreme nas ni motilo na zabavi ob zvokih Partizanskega pevskega zbora, kjer smo praznovali biv\u0161i in \u0161e vedno za mnoge aktualni praznik Dan republike. Za nami je \u017ee tretja tekma v sklopu zimske lige. Obiskal nas je tudi g. Tomo \u0160arf in prav je, da objavim njegovo pismo, ki mi ga je [&hellip;]<\/p>\n","protected":false},"author":2,"featured_media":0,"comment_status":"open","ping_status":"open","sticky":false,"template":"","format":"standard","meta":{"footnotes":""},"categories":[9,8],"tags":[],"_links":{"self":[{"href":"https:\/\/kalisce.com\/blog\/wp-json\/wp\/v2\/posts\/1031"}],"collection":[{"href":"https:\/\/kalisce.com\/blog\/wp-json\/wp\/v2\/posts"}],"about":[{"href":"https:\/\/kalisce.com\/blog\/wp-json\/wp\/v2\/types\/post"}],"author":[{"embeddable":true,"href":"https:\/\/kalisce.com\/blog\/wp-json\/wp\/v2\/users\/2"}],"replies":[{"embeddable":true,"href":"https:\/\/kalisce.com\/blog\/wp-json\/wp\/v2\/comments?post=1031"}],"version-history":[{"count":13,"href":"https:\/\/kalisce.com\/blog\/wp-json\/wp\/v2\/posts\/1031\/revisions"}],"predecessor-version":[{"id":1041,"href":"https:\/\/kalisce.com\/blog\/wp-json\/wp\/v2\/posts\/1031\/revisions\/1041"}],"wp:attachment":[{"href":"https:\/\/kalisce.com\/blog\/wp-json\/wp\/v2\/media?parent=1031"}],"wp:term":[{"taxonomy":"category","embeddable":true,"href":"https:\/\/kalisce.com\/blog\/wp-json\/wp\/v2\/categories?post=1031"},{"taxonomy":"post_tag","embeddable":true,"href":"https:\/\/kalisce.com\/blog\/wp-json\/wp\/v2\/tags?post=1031"}],"curies":[{"name":"wp","href":"https:\/\/api.w.org\/{rel}","templated":true}]}}