{"id":1120,"date":"2009-12-28T15:42:42","date_gmt":"2009-12-28T14:42:42","guid":{"rendered":"http:\/\/kalisce.com\/blog\/?p=1120"},"modified":"2009-12-28T15:42:42","modified_gmt":"2009-12-28T14:42:42","slug":"1-novoletni-tek-na-kalisce","status":"publish","type":"post","link":"https:\/\/kalisce.com\/blog\/2009\/12\/28\/1-novoletni-tek-na-kalisce\/","title":{"rendered":"1. novoletni tek na Kali\u0161\u010de"},"content":{"rendered":"<div id=\"attachment_1121\" style=\"width: 360px\" class=\"wp-caption alignleft\"><a href=\"https:\/\/kalisce.com\/blog\/foto\/2009\/tek241209\/index.html\"><img loading=\"lazy\" decoding=\"async\" aria-describedby=\"caption-attachment-1121\" class=\"size-full wp-image-1121\" title=\"Zmagovalci\" src=\"https:\/\/kalisce.com\/blog\/wp-content\/uploads\/2009\/12\/IMG_6384.JPG\" alt=\"Zmagovalci\" width=\"350\" height=\"280\" srcset=\"https:\/\/kalisce.com\/blog\/wp-content\/uploads\/2009\/12\/IMG_6384.JPG 350w, https:\/\/kalisce.com\/blog\/wp-content\/uploads\/2009\/12\/IMG_6384-150x120.jpg 150w, https:\/\/kalisce.com\/blog\/wp-content\/uploads\/2009\/12\/IMG_6384-300x240.jpg 300w\" sizes=\"(max-width: 350px) 100vw, 350px\" \/><\/a><p id=\"caption-attachment-1121\" class=\"wp-caption-text\">Zmagovalci<\/p><\/div>\n<p>Dan pred Bo\u017ei\u010dem smo organizirali <strong>1. tradicionalni novoletni tek na Kali\u0161\u010de<\/strong>. Pogoji za tek niso bili preve\u010d zimski, saj je bila temperatura na Kali\u0161\u010du +4\u00b0C, na startu pred \u0161olo v Preddvoru pa \u0161e nekoliko vi\u0161ja. Zaradi obilnega de\u017eevja je bila proga kopna skoraj do polovice brega, vrhnji del steze pa je bil poledenel. Med tekmo se je de\u017e nekoliko umiril, pri povratku v dolino pa je udele\u017eence spet po\u0161teno mo\u010dilo.<\/p>\n<p>V hudi mednarodni udele\u017ebi med 42 teka\u010di \u00a0(dve \u017eenski in 40 mo\u0161kih), je bil v zahtevnih pogojih najhitrej\u0161i <strong>Nejc Kuhar<\/strong>, drugi je bil <strong>Vlado Kerkez<\/strong>, tretji pa <strong>Simon Ali\u010d<\/strong>. Med dekleti je zmagala <strong>Ur\u0161a Pintar<\/strong> pred <strong>Sylvio Rehn<\/strong> iz Nem\u010dije, ki je bila druga tudi na tekmi\u00a0<a href=\"http:\/\/trans-slo.si\/\"><strong>Trans Slovenija<\/strong><\/a>.<\/p>\n<p><strong>Zahvaljujemo se vsem, ki ste nam kakorkoli pomagali! Hvala!<\/strong><\/p>\n<p><strong><a href=\"https:\/\/kalisce.com\/blog\/foto\/2009\/tek241209\/index.html\">Galerija<\/a><\/strong><\/p>\n<p><strong>Rezultati:<\/strong><\/p>\n<p><a href=\"https:\/\/kalisce.com\/blog\/wp-content\/uploads\/2009\/12\/kategorije.pdf\"><strong>Po kategorijah<\/strong><\/a><\/p>\n<p><a href=\"https:\/\/kalisce.com\/blog\/wp-content\/uploads\/2009\/12\/absolutno.pdf\"><strong>Absolutno<\/strong><\/a><\/p>\n","protected":false},"excerpt":{"rendered":"<p>Dan pred Bo\u017ei\u010dem smo organizirali 1. tradicionalni novoletni tek na Kali\u0161\u010de. Pogoji za tek niso bili preve\u010d zimski, saj je bila temperatura na Kali\u0161\u010du +4\u00b0C, na startu pred \u0161olo v Preddvoru pa \u0161e nekoliko vi\u0161ja. Zaradi obilnega de\u017eevja je bila proga kopna skoraj do polovice brega, vrhnji del steze pa je bil poledenel. Med tekmo [&hellip;]<\/p>\n","protected":false},"author":2,"featured_media":0,"comment_status":"open","ping_status":"open","sticky":false,"template":"","format":"standard","meta":{"footnotes":""},"categories":[9,14],"tags":[],"_links":{"self":[{"href":"https:\/\/kalisce.com\/blog\/wp-json\/wp\/v2\/posts\/1120"}],"collection":[{"href":"https:\/\/kalisce.com\/blog\/wp-json\/wp\/v2\/posts"}],"about":[{"href":"https:\/\/kalisce.com\/blog\/wp-json\/wp\/v2\/types\/post"}],"author":[{"embeddable":true,"href":"https:\/\/kalisce.com\/blog\/wp-json\/wp\/v2\/users\/2"}],"replies":[{"embeddable":true,"href":"https:\/\/kalisce.com\/blog\/wp-json\/wp\/v2\/comments?post=1120"}],"version-history":[{"count":2,"href":"https:\/\/kalisce.com\/blog\/wp-json\/wp\/v2\/posts\/1120\/revisions"}],"predecessor-version":[{"id":1123,"href":"https:\/\/kalisce.com\/blog\/wp-json\/wp\/v2\/posts\/1120\/revisions\/1123"}],"wp:attachment":[{"href":"https:\/\/kalisce.com\/blog\/wp-json\/wp\/v2\/media?parent=1120"}],"wp:term":[{"taxonomy":"category","embeddable":true,"href":"https:\/\/kalisce.com\/blog\/wp-json\/wp\/v2\/categories?post=1120"},{"taxonomy":"post_tag","embeddable":true,"href":"https:\/\/kalisce.com\/blog\/wp-json\/wp\/v2\/tags?post=1120"}],"curies":[{"name":"wp","href":"https:\/\/api.w.org\/{rel}","templated":true}]}}