{"id":1165,"date":"2010-01-18T13:46:26","date_gmt":"2010-01-18T12:46:26","guid":{"rendered":"http:\/\/kalisce.com\/blog\/?p=1165"},"modified":"2010-01-19T16:50:25","modified_gmt":"2010-01-19T15:50:25","slug":"sv-anton","status":"publish","type":"post","link":"https:\/\/kalisce.com\/blog\/2010\/01\/18\/sv-anton\/","title":{"rendered":"Sv. Anton"},"content":{"rendered":"<div id=\"attachment_1166\" style=\"width: 360px\" class=\"wp-caption alignleft\"><a href=\"https:\/\/kalisce.com\/blog\/foto\/2009\/100117\/index.html\"><img loading=\"lazy\" decoding=\"async\" aria-describedby=\"caption-attachment-1166\" class=\"size-full wp-image-1166\" title=\"Vrh Stor\u017ei\u010da\" src=\"https:\/\/kalisce.com\/blog\/wp-content\/uploads\/2010\/01\/P1100288.jpg\" alt=\"Vrh Stor\u017ei\u010da\" width=\"350\" height=\"266\" srcset=\"https:\/\/kalisce.com\/blog\/wp-content\/uploads\/2010\/01\/P1100288.jpg 350w, https:\/\/kalisce.com\/blog\/wp-content\/uploads\/2010\/01\/P1100288-150x114.jpg 150w, https:\/\/kalisce.com\/blog\/wp-content\/uploads\/2010\/01\/P1100288-300x228.jpg 300w\" sizes=\"(max-width: 350px) 100vw, 350px\" \/><\/a><p id=\"caption-attachment-1166\" class=\"wp-caption-text\">Vrh Stor\u017ei\u010da<\/p><\/div>\n<p><strong>Trontelj <\/strong>in sodelavci so minuli vikend obljubljali sonce nad 500 metrov vi\u0161ine, vendar so se nekoliko u\u0161teli pri izra\u010dunih. Smu\u010darji so v megleni soboti za \u0161ankom \u010dakali sonce, vendar ga niso do\u010dakali. Hribovce je kristalno jasno nebo pri\u010dakalo \u0161ele nad 2000 metri! Hvala <strong>Toma\u017eu<\/strong> za <a href=\"https:\/\/kalisce.com\/blog\/foto\/2009\/100117\/index.html\">slike z vrha Stor\u017ei\u010da<\/a>! Jaz bi tudi&#8230;. \ud83d\ude25 .<\/p>\n<p>Nedeljsko sne\u017eenje je hitro minilo in kljub slabi napovedi smo sredi dneva do\u010dakali sonce, ki je \u0161e poudarilo lepoto zimskih hribov \ud83d\ude00 .<\/p>\n<p><strong>Praznik Svetega Antona<\/strong> zelo spo\u0161tujemo in ga temu primerno tudi proslavimo. Nekateri so se udele\u017eili tudi tradicionalne \u00a0licitacije pred cerkvijo v Ma\u010dah (podatkov o klobasah \u0161e nimam).<\/p>\n<p>Pogoji za zimsko hojo do Kali\u0161\u010da so idealni (dereze so obvezna oprema).<\/p>\n<p><strong><a href=\"https:\/\/kalisce.com\/blog\/foto\/2009\/100117\/index.html\">Galerija<\/a><\/strong><\/p>\n<p><strong><strong><strong><strong><span style=\"color: #000000;\"><strong><strong><strong><strong><span style=\"font-weight: normal; background-color: #ffffff;\"><strong><strong><strong><strong><strong><strong><a style=\"color: #a0bc00; text-decoration: none;\" href=\"https:\/\/kalisce.com\/blog\/vpisi\/2009\/170110.pdf\">KLJUKA \u2013 vpisi do 17. januarja 2010<\/a><\/strong><\/strong><\/strong><\/strong><\/strong><\/strong><\/span><\/strong><\/strong><\/strong><\/strong><\/span><\/strong><\/strong><\/strong><\/strong><\/p>\n<p><strong><strong><strong><strong><span style=\"color: #000000;\"><strong><strong><strong><strong><span style=\"font-weight: normal; background-color: #ffffff;\"><strong><strong><strong><strong><strong><strong>OBVESTILO!<br \/>\nV sredo, 27. januarja 2010 bo spet <a href=\"http:\/\/www.tekaskiforum.net\/viewtopic.php?p=213158#p213158\">Jo\u0161Tek (ve\u010d o tem<\/a>).<\/strong><br \/>\nArhiv:\u00a0<a href=\"http:\/\/www.boltez.si\/jostek\/index.htm\">Jo\u0161Tek 2009<\/a><\/strong><\/strong><\/strong><\/strong><\/strong><\/span><\/strong><\/strong><\/strong><\/strong><\/span><\/strong><\/strong><\/strong><\/strong><\/p>\n<p><strong><strong><strong><strong><span style=\"color: #000000;\"><strong><strong><strong><strong><span style=\"font-weight: normal; background-color: #ffffff;\"><strong><strong><strong><strong><strong>6 ur Kali\u0161\u010da se bli\u017ea! <a href=\"https:\/\/kalisce.com\/blog\/6-ur-kalisca\/\">Prijavite se pravo\u010dasno<\/a><\/strong><strong>!<\/strong><\/strong><\/strong><\/strong><\/strong><\/span><\/strong><\/strong><\/strong><\/strong><\/span><\/strong><\/strong><\/strong><\/strong><\/p>\n","protected":false},"excerpt":{"rendered":"<p>Trontelj in sodelavci so minuli vikend obljubljali sonce nad 500 metrov vi\u0161ine, vendar so se nekoliko u\u0161teli pri izra\u010dunih. Smu\u010darji so v megleni soboti za \u0161ankom \u010dakali sonce, vendar ga niso do\u010dakali. Hribovce je kristalno jasno nebo pri\u010dakalo \u0161ele nad 2000 metri! Hvala Toma\u017eu za slike z vrha Stor\u017ei\u010da! Jaz bi tudi&#8230;. \ud83d\ude25 . Nedeljsko [&hellip;]<\/p>\n","protected":false},"author":2,"featured_media":0,"comment_status":"open","ping_status":"open","sticky":false,"template":"","format":"standard","meta":{"footnotes":""},"categories":[9,8],"tags":[],"_links":{"self":[{"href":"https:\/\/kalisce.com\/blog\/wp-json\/wp\/v2\/posts\/1165"}],"collection":[{"href":"https:\/\/kalisce.com\/blog\/wp-json\/wp\/v2\/posts"}],"about":[{"href":"https:\/\/kalisce.com\/blog\/wp-json\/wp\/v2\/types\/post"}],"author":[{"embeddable":true,"href":"https:\/\/kalisce.com\/blog\/wp-json\/wp\/v2\/users\/2"}],"replies":[{"embeddable":true,"href":"https:\/\/kalisce.com\/blog\/wp-json\/wp\/v2\/comments?post=1165"}],"version-history":[{"count":7,"href":"https:\/\/kalisce.com\/blog\/wp-json\/wp\/v2\/posts\/1165\/revisions"}],"predecessor-version":[{"id":1168,"href":"https:\/\/kalisce.com\/blog\/wp-json\/wp\/v2\/posts\/1165\/revisions\/1168"}],"wp:attachment":[{"href":"https:\/\/kalisce.com\/blog\/wp-json\/wp\/v2\/media?parent=1165"}],"wp:term":[{"taxonomy":"category","embeddable":true,"href":"https:\/\/kalisce.com\/blog\/wp-json\/wp\/v2\/categories?post=1165"},{"taxonomy":"post_tag","embeddable":true,"href":"https:\/\/kalisce.com\/blog\/wp-json\/wp\/v2\/tags?post=1165"}],"curies":[{"name":"wp","href":"https:\/\/api.w.org\/{rel}","templated":true}]}}