{"id":1186,"date":"2010-01-25T13:21:48","date_gmt":"2010-01-25T12:21:48","guid":{"rendered":"http:\/\/kalisce.com\/blog\/?p=1186"},"modified":"2010-01-29T13:57:55","modified_gmt":"2010-01-29T12:57:55","slug":"zgoraj-sonce-spodaj","status":"publish","type":"post","link":"https:\/\/kalisce.com\/blog\/2010\/01\/25\/zgoraj-sonce-spodaj\/","title":{"rendered":"Zgoraj sonce, spodaj&#8230;"},"content":{"rendered":"<div id=\"attachment_1187\" style=\"width: 360px\" class=\"wp-caption alignleft\"><a href=\"https:\/\/kalisce.com\/blog\/foto\/2009\/100124\/index.html\"><img loading=\"lazy\" decoding=\"async\" aria-describedby=\"caption-attachment-1187\" class=\"size-full wp-image-1187\" title=\"Nizka obla\u010dnost\" src=\"https:\/\/kalisce.com\/blog\/wp-content\/uploads\/2010\/01\/IMG_7100.jpg\" alt=\"Nizka obla\u010dnost\" width=\"350\" height=\"243\" srcset=\"https:\/\/kalisce.com\/blog\/wp-content\/uploads\/2010\/01\/IMG_7100.jpg 350w, https:\/\/kalisce.com\/blog\/wp-content\/uploads\/2010\/01\/IMG_7100-150x104.jpg 150w, https:\/\/kalisce.com\/blog\/wp-content\/uploads\/2010\/01\/IMG_7100-300x208.jpg 300w\" sizes=\"(max-width: 350px) 100vw, 350px\" \/><\/a><p id=\"caption-attachment-1187\" class=\"wp-caption-text\">Nizka obla\u010dnost<\/p><\/div>\n<p>Po dalj\u0161em obdobju slab\u0161ega vremena smo na Kali\u0161\u010du do\u010dakali &#8220;brezmade\u017eno&#8221; vreme. Zgornja meja nizke obla\u010dnosti je bila v soboto nekoliko pod nami, v nedeljo pa je bila meja ravno pri nas. Pogoji za zimsko hojo v gore so ve\u010d kot odli\u010dni (seveda s pravo opremo).<\/p>\n<p>Med mno\u017eico lepih fotografij se je bilo te\u017eko odlo\u010diti, katere bi dal v <strong><a href=\"https:\/\/kalisce.com\/blog\/foto\/2009\/100124\/index.html\">galerijo<\/a><\/strong>, da ne bi \u00a0postala prevelika. <strong>Mladen <\/strong>je moj fotoaparat v nedeljo nesel na izlet na Ba\u0161eljski vrh, s katerega se vidi, da smo prav na robu oblakov. Na koncu galerije so <strong>Janezove <\/strong>slike s Kredarice, kjer je bil med tednom. Pr`Psnak \u017ee pasejo! Pohod na Kredarico bomo kmalu ponovili v ve\u010djem \u0161tevilu.<br \/>\n<strong>POZOR<\/strong>! V Krmi (pod Triglavom) so spet vlamljali v parkirane avtomobile. Nikjer pod gorami, niti pod Stor\u017ei\u010dem, ni\u010desar ne pu\u0161\u010dajte v avtomobilih \u2757 \u2757<\/p>\n<p><strong>OBVESTILO!<br \/>\nV sredo, 27. januarja 2010 je bil spet\u00a0<a style=\"color: #a0bc00; text-decoration: none;\" href=\"http:\/\/www.tekaskiforum.net\/viewtopic.php?p=213158#p213158\">Jo\u0161Tek &#8211; ve\u010d o tem<\/a>.<\/strong><\/p>\n<p><strong><a href=\"http:\/\/picasaweb.google.com\/kalisce\/JosTek2712010#\">Jo\u0161Tek 2010\u00a0FOTO<\/a> <a href=\"http:\/\/www.youtube.com\/watch?v=LR8NBEf1HC4\">FILM1<\/a> <a href=\"http:\/\/www.youtube.com\/watch?v=BEDmE8AZKdE&amp;hd=1\">FILM2<\/a><\/strong><\/p>\n<p><strong><a href=\"http:\/\/www.youtube.com\/watch?v=BEDmE8AZKdE&amp;hd=1\"><\/a>Arhiv:\u00a0<a style=\"color: #a0bc00; text-decoration: none;\" href=\"http:\/\/www.boltez.si\/jostek\/index.htm\">Jo\u0161Tek 2009<\/a><\/strong><\/p>\n<p><strong><a href=\"https:\/\/kalisce.com\/blog\/foto\/2009\/100124\/index.html\">Galerija<\/a><\/strong><\/p>\n<p><strong><a style=\"color: #a0bc00; text-decoration: none;\" href=\"https:\/\/kalisce.com\/blog\/vpisi\/2009\/240110.pdf\">KLJUKA \u2013 vpisi do 24. januarja 2010<\/a><\/strong><\/p>\n","protected":false},"excerpt":{"rendered":"<p>Po dalj\u0161em obdobju slab\u0161ega vremena smo na Kali\u0161\u010du do\u010dakali &#8220;brezmade\u017eno&#8221; vreme. Zgornja meja nizke obla\u010dnosti je bila v soboto nekoliko pod nami, v nedeljo pa je bila meja ravno pri nas. Pogoji za zimsko hojo v gore so ve\u010d kot odli\u010dni (seveda s pravo opremo). Med mno\u017eico lepih fotografij se je bilo te\u017eko odlo\u010diti, katere [&hellip;]<\/p>\n","protected":false},"author":2,"featured_media":0,"comment_status":"open","ping_status":"open","sticky":false,"template":"","format":"standard","meta":{"footnotes":""},"categories":[9,8],"tags":[],"_links":{"self":[{"href":"https:\/\/kalisce.com\/blog\/wp-json\/wp\/v2\/posts\/1186"}],"collection":[{"href":"https:\/\/kalisce.com\/blog\/wp-json\/wp\/v2\/posts"}],"about":[{"href":"https:\/\/kalisce.com\/blog\/wp-json\/wp\/v2\/types\/post"}],"author":[{"embeddable":true,"href":"https:\/\/kalisce.com\/blog\/wp-json\/wp\/v2\/users\/2"}],"replies":[{"embeddable":true,"href":"https:\/\/kalisce.com\/blog\/wp-json\/wp\/v2\/comments?post=1186"}],"version-history":[{"count":13,"href":"https:\/\/kalisce.com\/blog\/wp-json\/wp\/v2\/posts\/1186\/revisions"}],"predecessor-version":[{"id":1190,"href":"https:\/\/kalisce.com\/blog\/wp-json\/wp\/v2\/posts\/1186\/revisions\/1190"}],"wp:attachment":[{"href":"https:\/\/kalisce.com\/blog\/wp-json\/wp\/v2\/media?parent=1186"}],"wp:term":[{"taxonomy":"category","embeddable":true,"href":"https:\/\/kalisce.com\/blog\/wp-json\/wp\/v2\/categories?post=1186"},{"taxonomy":"post_tag","embeddable":true,"href":"https:\/\/kalisce.com\/blog\/wp-json\/wp\/v2\/tags?post=1186"}],"curies":[{"name":"wp","href":"https:\/\/api.w.org\/{rel}","templated":true}]}}