{"id":121,"date":"2008-10-07T21:12:01","date_gmt":"2008-10-07T19:12:01","guid":{"rendered":"http:\/\/kalisce.com\/blog\/?p=121"},"modified":"2008-10-07T21:22:46","modified_gmt":"2008-10-07T19:22:46","slug":"drugi-vikend-27-in-28-september-2008","status":"publish","type":"post","link":"https:\/\/kalisce.com\/blog\/2008\/10\/07\/drugi-vikend-27-in-28-september-2008\/","title":{"rendered":"Drugi vikend &#8211; 27. in 28. september 2008"},"content":{"rendered":"<div id=\"attachment_124\" style=\"width: 360px\" class=\"wp-caption alignleft\"><a href=\"https:\/\/kalisce.com\/blog\/foto\/2008\/080928\/index.html\"><img loading=\"lazy\" decoding=\"async\" aria-describedby=\"caption-attachment-124\" class=\"size-full wp-image-124\" title=\"Zima na Stor\u017ei\u010du\" src=\"https:\/\/kalisce.com\/blog\/wp-content\/uploads\/2008\/10\/p10103551.jpg\" alt=\"Zima na Stor\u017ei\u010du\" width=\"350\" height=\"263\" srcset=\"https:\/\/kalisce.com\/blog\/wp-content\/uploads\/2008\/10\/p10103551.jpg 350w, https:\/\/kalisce.com\/blog\/wp-content\/uploads\/2008\/10\/p10103551-150x112.jpg 150w, https:\/\/kalisce.com\/blog\/wp-content\/uploads\/2008\/10\/p10103551-300x225.jpg 300w\" sizes=\"(max-width: 350px) 100vw, 350px\" \/><\/a><p id=\"caption-attachment-124\" class=\"wp-caption-text\">Zima na Stor\u017ei\u010du<\/p><\/div>\n<p>Najin drugi vikend (zadnji pred za\u010detkom vpisovanja KLJUK) je bil \u0161e bolj zimski kot prvi. Vrh Stor\u017ei\u010da je prekril prvi sneg, ki pa ni odvrnil mno\u017eice pohodnikov, ki so ga obiskali. <strong>Ciril Bilban <\/strong>je posnel nekaj zanimivih fotografij v led vkovanega kri\u017ea na vrhu. Mo\u010dan severni veter ni dovoljeval posedanja pred ko\u010do &#8211; pe\u010d je bila na\u0161a najbolj\u0161a prijateljica!<\/p>\n<p><strong><a href=\"https:\/\/kalisce.com\/blog\/foto\/2008\/080928\/index.html\">Galerija<\/a><\/strong>.<\/p>\n","protected":false},"excerpt":{"rendered":"<p>Najin drugi vikend (zadnji pred za\u010detkom vpisovanja KLJUK) je bil \u0161e bolj zimski kot prvi. Vrh Stor\u017ei\u010da je prekril prvi sneg, ki pa ni odvrnil mno\u017eice pohodnikov, ki so ga obiskali. Ciril Bilban je posnel nekaj zanimivih fotografij v led vkovanega kri\u017ea na vrhu. Mo\u010dan severni veter ni dovoljeval posedanja pred ko\u010do &#8211; pe\u010d je [&hellip;]<\/p>\n","protected":false},"author":2,"featured_media":0,"comment_status":"open","ping_status":"open","sticky":false,"template":"","format":"standard","meta":{"footnotes":""},"categories":[9],"tags":[],"_links":{"self":[{"href":"https:\/\/kalisce.com\/blog\/wp-json\/wp\/v2\/posts\/121"}],"collection":[{"href":"https:\/\/kalisce.com\/blog\/wp-json\/wp\/v2\/posts"}],"about":[{"href":"https:\/\/kalisce.com\/blog\/wp-json\/wp\/v2\/types\/post"}],"author":[{"embeddable":true,"href":"https:\/\/kalisce.com\/blog\/wp-json\/wp\/v2\/users\/2"}],"replies":[{"embeddable":true,"href":"https:\/\/kalisce.com\/blog\/wp-json\/wp\/v2\/comments?post=121"}],"version-history":[{"count":5,"href":"https:\/\/kalisce.com\/blog\/wp-json\/wp\/v2\/posts\/121\/revisions"}],"predecessor-version":[{"id":132,"href":"https:\/\/kalisce.com\/blog\/wp-json\/wp\/v2\/posts\/121\/revisions\/132"}],"wp:attachment":[{"href":"https:\/\/kalisce.com\/blog\/wp-json\/wp\/v2\/media?parent=121"}],"wp:term":[{"taxonomy":"category","embeddable":true,"href":"https:\/\/kalisce.com\/blog\/wp-json\/wp\/v2\/categories?post=121"},{"taxonomy":"post_tag","embeddable":true,"href":"https:\/\/kalisce.com\/blog\/wp-json\/wp\/v2\/tags?post=121"}],"curies":[{"name":"wp","href":"https:\/\/api.w.org\/{rel}","templated":true}]}}