{"id":1213,"date":"2010-02-09T12:57:13","date_gmt":"2010-02-09T11:57:13","guid":{"rendered":"http:\/\/kalisce.com\/blog\/?p=1213"},"modified":"2010-02-09T17:46:25","modified_gmt":"2010-02-09T16:46:25","slug":"kulturni-praznik","status":"publish","type":"post","link":"https:\/\/kalisce.com\/blog\/2010\/02\/09\/kulturni-praznik\/","title":{"rendered":"Kulturni praznik"},"content":{"rendered":"<div id=\"attachment_1214\" style=\"width: 360px\" class=\"wp-caption alignleft\"><a href=\"https:\/\/kalisce.com\/blog\/foto\/2009\/100208\/index.html\"><img loading=\"lazy\" decoding=\"async\" aria-describedby=\"caption-attachment-1214\" class=\"size-full wp-image-1214\" title=\"Pa smo ga!\" src=\"https:\/\/kalisce.com\/blog\/wp-content\/uploads\/2010\/02\/IMG_7308.jpg\" alt=\"Pa smo ga!\" width=\"350\" height=\"296\" srcset=\"https:\/\/kalisce.com\/blog\/wp-content\/uploads\/2010\/02\/IMG_7308.jpg 350w, https:\/\/kalisce.com\/blog\/wp-content\/uploads\/2010\/02\/IMG_7308-150x126.jpg 150w, https:\/\/kalisce.com\/blog\/wp-content\/uploads\/2010\/02\/IMG_7308-300x253.jpg 300w\" sizes=\"(max-width: 350px) 100vw, 350px\" \/><\/a><p id=\"caption-attachment-1214\" class=\"wp-caption-text\">Pa smo ga!<\/p><\/div>\n<p><strong>Pre\u0161ernov dan<\/strong>, najve\u010dji kulturni praznik, smo s pomo\u010djo mojstrov <strong>Romana <\/strong>in <strong>Zorana <\/strong>po\u010dastili z novo pridobitvijo v ko\u010di na Kali\u0161\u010du. Hvala!<\/p>\n<p>Tokrat je bila ko\u010da odprta kar tri dni. V soboto je bilo vetrovno in sne\u017eeno, v nedeljo in ponedeljek pa je bilo vreme \u010dudovito. Nad oblaki smo imeli pravo zimsko pravljico. Nekateri so pot nadaljevali do Ba\u0161eljskega vrha, za naskok na Stor\u017ei\u010d pa je bilo \u0161e preve\u010d tvegano. Novega napihanega in nepredelanega snega je veliko, zato je potrebna previdnost!<\/p>\n<p><strong>Nata\u0161a in Vinko<\/strong> sta s terase o\u010distila sneg, po opravljenem delu pa vanj \u0161e sko\u010dila na glavo \ud83d\ude42 .<\/p>\n<p><strong>\u010ceprav malo pozno, ampak iz srca: Jaka (Pumpa pub) nam je za novoletno darilo dal odli\u010dne kape! Hvala!<\/strong><\/p>\n<p><strong><a href=\"https:\/\/kalisce.com\/blog\/foto\/2009\/100208\/index.html\">Galerija<\/a><\/strong><\/p>\n<p><strong><strong><strong><a style=\"color: #a0bc00; text-decoration: none;\" href=\"https:\/\/kalisce.com\/blog\/vpisi\/2009\/080210.pdf\">KLJUKA \u2013 vpisi do 8. februarja 2010<\/a><\/strong><\/strong><\/strong><\/p>\n<p><strong>Obvestilo: v \u010detrtek je start teka <\/strong><strong><a href=\"http:\/\/winter.trans-slo.si\/\">Trans Slovenija &#8211; zimska izvedba<\/a><\/strong><\/p>\n","protected":false},"excerpt":{"rendered":"<p>Pre\u0161ernov dan, najve\u010dji kulturni praznik, smo s pomo\u010djo mojstrov Romana in Zorana po\u010dastili z novo pridobitvijo v ko\u010di na Kali\u0161\u010du. Hvala! Tokrat je bila ko\u010da odprta kar tri dni. V soboto je bilo vetrovno in sne\u017eeno, v nedeljo in ponedeljek pa je bilo vreme \u010dudovito. Nad oblaki smo imeli pravo zimsko pravljico. Nekateri so pot [&hellip;]<\/p>\n","protected":false},"author":2,"featured_media":0,"comment_status":"open","ping_status":"open","sticky":false,"template":"","format":"standard","meta":{"footnotes":""},"categories":[9,8],"tags":[],"_links":{"self":[{"href":"https:\/\/kalisce.com\/blog\/wp-json\/wp\/v2\/posts\/1213"}],"collection":[{"href":"https:\/\/kalisce.com\/blog\/wp-json\/wp\/v2\/posts"}],"about":[{"href":"https:\/\/kalisce.com\/blog\/wp-json\/wp\/v2\/types\/post"}],"author":[{"embeddable":true,"href":"https:\/\/kalisce.com\/blog\/wp-json\/wp\/v2\/users\/2"}],"replies":[{"embeddable":true,"href":"https:\/\/kalisce.com\/blog\/wp-json\/wp\/v2\/comments?post=1213"}],"version-history":[{"count":9,"href":"https:\/\/kalisce.com\/blog\/wp-json\/wp\/v2\/posts\/1213\/revisions"}],"predecessor-version":[{"id":1216,"href":"https:\/\/kalisce.com\/blog\/wp-json\/wp\/v2\/posts\/1213\/revisions\/1216"}],"wp:attachment":[{"href":"https:\/\/kalisce.com\/blog\/wp-json\/wp\/v2\/media?parent=1213"}],"wp:term":[{"taxonomy":"category","embeddable":true,"href":"https:\/\/kalisce.com\/blog\/wp-json\/wp\/v2\/categories?post=1213"},{"taxonomy":"post_tag","embeddable":true,"href":"https:\/\/kalisce.com\/blog\/wp-json\/wp\/v2\/tags?post=1213"}],"curies":[{"name":"wp","href":"https:\/\/api.w.org\/{rel}","templated":true}]}}