{"id":1228,"date":"2010-02-15T13:24:23","date_gmt":"2010-02-15T12:24:23","guid":{"rendered":"http:\/\/kalisce.com\/blog\/?p=1228"},"modified":"2010-02-15T15:39:03","modified_gmt":"2010-02-15T14:39:03","slug":"pust-2010","status":"publish","type":"post","link":"https:\/\/kalisce.com\/blog\/2010\/02\/15\/pust-2010\/","title":{"rendered":"Pust 2010"},"content":{"rendered":"<div id=\"attachment_1229\" style=\"width: 310px\" class=\"wp-caption alignleft\"><a href=\"https:\/\/kalisce.com\/blog\/foto\/2009\/100214\/index.html\"><img loading=\"lazy\" decoding=\"async\" aria-describedby=\"caption-attachment-1229\" class=\"size-full wp-image-1229 \" title=\"Pustni krof in Valentinovo\" src=\"https:\/\/kalisce.com\/blog\/wp-content\/uploads\/2010\/02\/IMG_7853.jpg\" alt=\"Pustni krof, preste in teloh\" width=\"300\" height=\"386\" srcset=\"https:\/\/kalisce.com\/blog\/wp-content\/uploads\/2010\/02\/IMG_7853.jpg 300w, https:\/\/kalisce.com\/blog\/wp-content\/uploads\/2010\/02\/IMG_7853-116x150.jpg 116w, https:\/\/kalisce.com\/blog\/wp-content\/uploads\/2010\/02\/IMG_7853-233x300.jpg 233w\" sizes=\"(max-width: 300px) 100vw, 300px\" \/><\/a><p id=\"caption-attachment-1229\" class=\"wp-caption-text\">Pustni krof in Valentinovo<\/p><\/div>\n<p>Menda <strong>Pust <\/strong>pre\u017eene zimo! Bomo videli! Na Kali\u0161\u010du smo tudi letos v po\u010dastitev Pusta delili slastne krofe (z marmelado). Obiskale so nas tudi <strong>ma\u0161kare <\/strong>\u2757 in poskrbele za zabavo .<\/p>\n<p>Dolgotrajne nizke temperature nam po\u010dasi prihajajo do \u017eivega. Voda, ki te\u010de iz drevesa pred ko\u010do, je zmrznila pred dvema tednoma, \u00a0minuli teden pa sva s te\u017eavo stopila led v ceveh pod ko\u010do. Menda prihaja otoplitev \ud83d\ude42 . Na Thi Thi Islandu (Tajska) je veliko topleje, kot pravita <strong>Jo\u017ei <\/strong>in<strong> Uro\u0161<\/strong> &#8211; hvala za razglednico!<\/p>\n<p>Debela sne\u017ena odeja omogo\u010da vratolomne spuste v dolino. Previdno!<\/p>\n<p>Zahvaljujemo se vsem obiskovalcem Kali\u0161\u010da, ki med tednom primejo za lopato in o\u010distijo stopnice! Nagrada vas \u010daka za \u0161ankom!<\/p>\n<p><strong>Mladen <\/strong>je dokumentiral nedeljski vzpon na <strong>Ba\u0161eljski vrh<\/strong>. Ravno pri nas se je gibala zgornja meja nizke obla\u010dnosti.<\/p>\n<p>\u0160e to: za nami je zimska razli\u010dica teka \u010dez Slovenijo &#8211; <strong><a href=\"http:\/\/winter.trans-slo.si\/\">Trans Slovenija<br \/>\n<\/a><a href=\"http:\/\/blog.mr-foto.net\/2010\/02\/15\/trans-slovenija-winter-edition\/\">MR-Foto.net\u00a0&#8211; Trans Slovenija<\/a><\/strong><\/p>\n<p><strong><a href=\"https:\/\/kalisce.com\/blog\/foto\/2009\/100214\/index.html\">Galerija<\/a><\/strong><\/p>\n<p><strong><strong><strong><strong><a style=\"color: #a0bc00; text-decoration: none;\" href=\"https:\/\/kalisce.com\/blog\/vpisi\/2009\/140210.pdf\">KLJUKA \u2013 vpisi do 14. februarja 2010<\/a><\/strong><\/strong><\/strong><\/strong><\/p>\n","protected":false},"excerpt":{"rendered":"<p>Menda Pust pre\u017eene zimo! Bomo videli! Na Kali\u0161\u010du smo tudi letos v po\u010dastitev Pusta delili slastne krofe (z marmelado). Obiskale so nas tudi ma\u0161kare \u2757 in poskrbele za zabavo . Dolgotrajne nizke temperature nam po\u010dasi prihajajo do \u017eivega. Voda, ki te\u010de iz drevesa pred ko\u010do, je zmrznila pred dvema tednoma, \u00a0minuli teden pa sva s [&hellip;]<\/p>\n","protected":false},"author":2,"featured_media":0,"comment_status":"open","ping_status":"open","sticky":false,"template":"","format":"standard","meta":{"footnotes":""},"categories":[9,8],"tags":[],"_links":{"self":[{"href":"https:\/\/kalisce.com\/blog\/wp-json\/wp\/v2\/posts\/1228"}],"collection":[{"href":"https:\/\/kalisce.com\/blog\/wp-json\/wp\/v2\/posts"}],"about":[{"href":"https:\/\/kalisce.com\/blog\/wp-json\/wp\/v2\/types\/post"}],"author":[{"embeddable":true,"href":"https:\/\/kalisce.com\/blog\/wp-json\/wp\/v2\/users\/2"}],"replies":[{"embeddable":true,"href":"https:\/\/kalisce.com\/blog\/wp-json\/wp\/v2\/comments?post=1228"}],"version-history":[{"count":5,"href":"https:\/\/kalisce.com\/blog\/wp-json\/wp\/v2\/posts\/1228\/revisions"}],"predecessor-version":[{"id":1231,"href":"https:\/\/kalisce.com\/blog\/wp-json\/wp\/v2\/posts\/1228\/revisions\/1231"}],"wp:attachment":[{"href":"https:\/\/kalisce.com\/blog\/wp-json\/wp\/v2\/media?parent=1228"}],"wp:term":[{"taxonomy":"category","embeddable":true,"href":"https:\/\/kalisce.com\/blog\/wp-json\/wp\/v2\/categories?post=1228"},{"taxonomy":"post_tag","embeddable":true,"href":"https:\/\/kalisce.com\/blog\/wp-json\/wp\/v2\/tags?post=1228"}],"curies":[{"name":"wp","href":"https:\/\/api.w.org\/{rel}","templated":true}]}}