{"id":1290,"date":"2010-03-22T13:13:49","date_gmt":"2010-03-22T12:13:49","guid":{"rendered":"http:\/\/kalisce.com\/blog\/?p=1290"},"modified":"2010-03-22T13:49:14","modified_gmt":"2010-03-22T12:49:14","slug":"triglav-in-kredarica","status":"publish","type":"post","link":"https:\/\/kalisce.com\/blog\/2010\/03\/22\/triglav-in-kredarica\/","title":{"rendered":"Triglav in Kredarica"},"content":{"rendered":"<div id=\"attachment_1291\" style=\"width: 360px\" class=\"wp-caption alignleft\"><a href=\"https:\/\/kalisce.com\/blog\/foto\/2009\/100321\/index.html\"><img loading=\"lazy\" decoding=\"async\" aria-describedby=\"caption-attachment-1291\" class=\"size-full wp-image-1291\" title=\"Triglavski dom\" src=\"https:\/\/kalisce.com\/blog\/wp-content\/uploads\/2010\/03\/DSC03090.jpg\" alt=\"Triglavski dom\" width=\"350\" height=\"263\" srcset=\"https:\/\/kalisce.com\/blog\/wp-content\/uploads\/2010\/03\/DSC03090.jpg 350w, https:\/\/kalisce.com\/blog\/wp-content\/uploads\/2010\/03\/DSC03090-150x112.jpg 150w, https:\/\/kalisce.com\/blog\/wp-content\/uploads\/2010\/03\/DSC03090-300x225.jpg 300w\" sizes=\"(max-width: 350px) 100vw, 350px\" \/><\/a><p id=\"caption-attachment-1291\" class=\"wp-caption-text\">Triglavski dom<\/p><\/div>\n<p>Namesto spomladanskega sonca, smo imeli na Kali\u0161\u010du samo meglo. Sneg zelo hitro pobira, toda nad 1000 metri vi\u0161ine imamo \u0161e vedno zimske razmere. Dereze so \u0161e obvezna oprema!<\/p>\n<p>V <a href=\"https:\/\/kalisce.com\/blog\/foto\/2009\/100321\/index.html\"><strong>galeriji <\/strong><\/a>so lepe slike s <strong>Kredarice<\/strong>, kamor je pretekli teden za\u0161lo ve\u010d stalnih obiskovalcev Kali\u0161\u010da, <strong>Mladen <\/strong>pa je osvojil celo vrh <strong>Triglava <\/strong>\u2757<\/p>\n<p><strong><a href=\"https:\/\/kalisce.com\/blog\/foto\/2009\/100321\/index.html\">Galerija<\/a><\/strong><\/p>\n<p><strong><strong><strong><strong><strong><strong><strong><a style=\"color: #a0bc00; text-decoration: none;\" href=\"https:\/\/kalisce.com\/blog\/vpisi\/2009\/210310.pdf\">KLJUKA \u2013 vpisi do 21. marca 2010<\/a><\/strong><\/strong><\/strong><\/strong><\/strong><\/strong><\/strong><\/p>\n<p><strong><strong><strong><strong><strong><strong><strong><strong><strong><a style=\"color: #a0bc00; text-decoration: none;\" href=\"https:\/\/kalisce.com\/blog\/6ur\/2010\/Prijave.pdf\">6 ur Kali\u0161\u010da 2010 \u2013 trenutni seznam prijavljenih<\/a><\/strong><\/strong><\/strong><\/strong><\/strong><\/strong><\/strong><\/strong><\/strong><\/p>\n","protected":false},"excerpt":{"rendered":"<p>Namesto spomladanskega sonca, smo imeli na Kali\u0161\u010du samo meglo. Sneg zelo hitro pobira, toda nad 1000 metri vi\u0161ine imamo \u0161e vedno zimske razmere. Dereze so \u0161e obvezna oprema! V galeriji so lepe slike s Kredarice, kamor je pretekli teden za\u0161lo ve\u010d stalnih obiskovalcev Kali\u0161\u010da, Mladen pa je osvojil celo vrh Triglava \u2757 Galerija KLJUKA \u2013 [&hellip;]<\/p>\n","protected":false},"author":2,"featured_media":0,"comment_status":"open","ping_status":"open","sticky":false,"template":"","format":"standard","meta":{"footnotes":""},"categories":[9,8],"tags":[],"_links":{"self":[{"href":"https:\/\/kalisce.com\/blog\/wp-json\/wp\/v2\/posts\/1290"}],"collection":[{"href":"https:\/\/kalisce.com\/blog\/wp-json\/wp\/v2\/posts"}],"about":[{"href":"https:\/\/kalisce.com\/blog\/wp-json\/wp\/v2\/types\/post"}],"author":[{"embeddable":true,"href":"https:\/\/kalisce.com\/blog\/wp-json\/wp\/v2\/users\/2"}],"replies":[{"embeddable":true,"href":"https:\/\/kalisce.com\/blog\/wp-json\/wp\/v2\/comments?post=1290"}],"version-history":[{"count":4,"href":"https:\/\/kalisce.com\/blog\/wp-json\/wp\/v2\/posts\/1290\/revisions"}],"predecessor-version":[{"id":1293,"href":"https:\/\/kalisce.com\/blog\/wp-json\/wp\/v2\/posts\/1290\/revisions\/1293"}],"wp:attachment":[{"href":"https:\/\/kalisce.com\/blog\/wp-json\/wp\/v2\/media?parent=1290"}],"wp:term":[{"taxonomy":"category","embeddable":true,"href":"https:\/\/kalisce.com\/blog\/wp-json\/wp\/v2\/categories?post=1290"},{"taxonomy":"post_tag","embeddable":true,"href":"https:\/\/kalisce.com\/blog\/wp-json\/wp\/v2\/tags?post=1290"}],"curies":[{"name":"wp","href":"https:\/\/api.w.org\/{rel}","templated":true}]}}