{"id":1303,"date":"2010-03-29T11:59:17","date_gmt":"2010-03-29T10:59:17","guid":{"rendered":"http:\/\/kalisce.com\/blog\/?p=1303"},"modified":"2010-03-29T13:16:35","modified_gmt":"2010-03-29T12:16:35","slug":"aprilsko-vreme-v-marcu","status":"publish","type":"post","link":"https:\/\/kalisce.com\/blog\/2010\/03\/29\/aprilsko-vreme-v-marcu\/","title":{"rendered":"Aprilsko vreme v marcu"},"content":{"rendered":"<div id=\"attachment_1304\" style=\"width: 360px\" class=\"wp-caption alignleft\"><a href=\"https:\/\/kalisce.com\/blog\/foto\/2009\/100328\/index.html\"><img loading=\"lazy\" decoding=\"async\" aria-describedby=\"caption-attachment-1304\" class=\"size-full wp-image-1304\" title=\"Terasa na Kali\u0161\u010du\" src=\"https:\/\/kalisce.com\/blog\/wp-content\/uploads\/2010\/03\/IMG_8394.jpg\" alt=\"Terasa na Kali\u0161\u010du\" width=\"350\" height=\"263\" srcset=\"https:\/\/kalisce.com\/blog\/wp-content\/uploads\/2010\/03\/IMG_8394.jpg 350w, https:\/\/kalisce.com\/blog\/wp-content\/uploads\/2010\/03\/IMG_8394-150x112.jpg 150w, https:\/\/kalisce.com\/blog\/wp-content\/uploads\/2010\/03\/IMG_8394-300x225.jpg 300w\" sizes=\"(max-width: 350px) 100vw, 350px\" \/><\/a><p id=\"caption-attachment-1304\" class=\"wp-caption-text\">Terasa na Kali\u0161\u010du<\/p><\/div>\n<p>Zadnji mar\u010devski vikend je bilo vreme \u017ee povsem aprilsko. De\u017eevalo je v petek, po jasnem sobotnem jutru je sledila sne\u017ena ploha, kasneje smo imeli \u0161e nekaj sonca, vmes pa spet de\u017e. Nedelja je bila son\u010dna in topla, tako da je bila terasa premajhna za vse, ki so se nastavljali UV \u017earkom \ud83d\ude42 .<\/p>\n<p><strong>Obvestilo<\/strong>: tudi mi se bomo priklju\u010dili veliki \u010distilni akciji <strong><a href=\"http:\/\/www.ocistimo.si\/\">O\u010cISTIMO SLOVENIJO V ENEM DNEVU<\/a><\/strong>, zato bomo v soboto, 17. aprila 2010, \u00a0pobirali smeti <strong>povsod pod Stor\u017ei\u010dem<\/strong>. Prosim, da vsak prispeva svoj majhen dele\u017e in pobere nesnago, ki &#8220;krasi&#8221; na\u0161o naravo. Vre\u010dke za smeti boste lahko dobili tudi za \u0161ankom v ko\u010di na Kali\u0161\u010du \u2757<\/p>\n<p>Sneg hitro pobira, vendar je nad 1300 metri \u0161e zima! Dereze so \u0161e vedno obvezna oprema.<\/p>\n<p><strong><a href=\"https:\/\/kalisce.com\/blog\/6-ur-kalisca\/\">6 ur Kali\u0161\u010da<\/a><\/strong> &#8211; prijave do Velikono\u010dnega ponedeljka!<\/p>\n<p><strong><a style=\"color: #a0bc00; text-decoration: none;\" href=\"https:\/\/kalisce.com\/blog\/6ur\/2010\/Prijave.pdf\">Prijavljeni tekmovalci \u2013 trenutni seznam<\/a><\/strong><\/p>\n<p><strong><a href=\"https:\/\/kalisce.com\/blog\/foto\/2009\/100328\/index.html\">Galerija<\/a><\/strong><\/p>\n<p><strong><strong><strong><strong><strong><strong><strong><strong><a style=\"color: #a0bc00; text-decoration: none;\" href=\"https:\/\/kalisce.com\/blog\/vpisi\/2009\/280310.pdf\">KLJUKA \u2013 vpisi do 28. marca 2010<\/a><\/strong><\/strong><\/strong><\/strong><\/strong><\/strong><\/strong><\/strong><\/p>\n","protected":false},"excerpt":{"rendered":"<p>Zadnji mar\u010devski vikend je bilo vreme \u017ee povsem aprilsko. De\u017eevalo je v petek, po jasnem sobotnem jutru je sledila sne\u017ena ploha, kasneje smo imeli \u0161e nekaj sonca, vmes pa spet de\u017e. Nedelja je bila son\u010dna in topla, tako da je bila terasa premajhna za vse, ki so se nastavljali UV \u017earkom \ud83d\ude42 . Obvestilo: tudi [&hellip;]<\/p>\n","protected":false},"author":2,"featured_media":0,"comment_status":"open","ping_status":"open","sticky":false,"template":"","format":"standard","meta":{"footnotes":""},"categories":[9,8],"tags":[],"_links":{"self":[{"href":"https:\/\/kalisce.com\/blog\/wp-json\/wp\/v2\/posts\/1303"}],"collection":[{"href":"https:\/\/kalisce.com\/blog\/wp-json\/wp\/v2\/posts"}],"about":[{"href":"https:\/\/kalisce.com\/blog\/wp-json\/wp\/v2\/types\/post"}],"author":[{"embeddable":true,"href":"https:\/\/kalisce.com\/blog\/wp-json\/wp\/v2\/users\/2"}],"replies":[{"embeddable":true,"href":"https:\/\/kalisce.com\/blog\/wp-json\/wp\/v2\/comments?post=1303"}],"version-history":[{"count":6,"href":"https:\/\/kalisce.com\/blog\/wp-json\/wp\/v2\/posts\/1303\/revisions"}],"predecessor-version":[{"id":1306,"href":"https:\/\/kalisce.com\/blog\/wp-json\/wp\/v2\/posts\/1303\/revisions\/1306"}],"wp:attachment":[{"href":"https:\/\/kalisce.com\/blog\/wp-json\/wp\/v2\/media?parent=1303"}],"wp:term":[{"taxonomy":"category","embeddable":true,"href":"https:\/\/kalisce.com\/blog\/wp-json\/wp\/v2\/categories?post=1303"},{"taxonomy":"post_tag","embeddable":true,"href":"https:\/\/kalisce.com\/blog\/wp-json\/wp\/v2\/tags?post=1303"}],"curies":[{"name":"wp","href":"https:\/\/api.w.org\/{rel}","templated":true}]}}