{"id":1319,"date":"2010-04-01T06:30:58","date_gmt":"2010-04-01T05:30:58","guid":{"rendered":"http:\/\/kalisce.com\/blog\/?p=1319"},"modified":"2010-04-02T06:50:47","modified_gmt":"2010-04-02T05:50:47","slug":"koncno","status":"publish","type":"post","link":"https:\/\/kalisce.com\/blog\/2010\/04\/01\/koncno\/","title":{"rendered":"Kon\u010dno!"},"content":{"rendered":"<div id=\"attachment_1320\" style=\"width: 360px\" class=\"wp-caption alignleft\"><a href=\"https:\/\/kalisce.com\/blog\/wp-content\/uploads\/2010\/04\/ned-017.jpg\"><img loading=\"lazy\" decoding=\"async\" aria-describedby=\"caption-attachment-1320\" class=\"size-full wp-image-1320\" title=\"Ko\u010da na Kali\u0161\u010du\" src=\"https:\/\/kalisce.com\/blog\/wp-content\/uploads\/2010\/04\/ned-017.jpg\" alt=\"Ko\u010da na Kali\u0161\u010du\" width=\"350\" height=\"263\" srcset=\"https:\/\/kalisce.com\/blog\/wp-content\/uploads\/2010\/04\/ned-017.jpg 350w, https:\/\/kalisce.com\/blog\/wp-content\/uploads\/2010\/04\/ned-017-150x112.jpg 150w, https:\/\/kalisce.com\/blog\/wp-content\/uploads\/2010\/04\/ned-017-300x225.jpg 300w\" sizes=\"(max-width: 350px) 100vw, 350px\" \/><\/a><p id=\"caption-attachment-1320\" class=\"wp-caption-text\">Ko\u010da na Kali\u0161\u010du<\/p><\/div>\n<p><strong><span style=\"text-decoration: line-through;\">Pa smo do\u010dakali prvi april!<\/span><\/strong><\/p>\n<p><strong><span style=\"text-decoration: line-through;\"><span style=\"font-weight: normal; -webkit-text-decorations-in-effect: none;\"><span style=\"text-decoration: line-through;\">Nepri\u010dakovano hitro smo dobili <strong>obljubljena evropska sredstva<\/strong>, ki jih bomo porabili za obnovo ko\u010de. Na obnovo \u010dakamo \u017ee predolgo, zato smo tega darila \u0161e toliko bolj veseli.<\/span><\/span><\/span><\/strong><\/p>\n<p><strong><span style=\"text-decoration: line-through;\"><span style=\"font-weight: normal; -webkit-text-decorations-in-effect: none;\"><span style=\"text-decoration: line-through;\"><span style=\"-webkit-text-decorations-in-effect: none;\">Odobrili so nam kar<strong> 50.000 EUR<\/strong> pod pogojem, da sami zberemo \u0161e dodatnih <strong>15.000 EUR<\/strong>. PD Kranj bo prispeval samo <strong>5.000 EUR<\/strong>, ostalo pa bomo zbrali sami. V akcijo moramo takoj, saj z obnovo za\u010dnemo po kon\u010dani sezoni za KLJUKE, oziroma po 1. maju.<\/span><\/span><\/span><\/span><\/strong><\/p>\n<p><strong><span style=\"text-decoration: line-through;\"><span style=\"font-weight: normal; -webkit-text-decorations-in-effect: none;\"><span style=\"text-decoration: line-through;\"><span style=\"-webkit-text-decorations-in-effect: none;\"><span style=\"-webkit-text-decorations-in-effect: none;\"><strong>Ko\u010da bo od 3. maja 2010 naprej zaprta!<\/strong> Predvidena dela naj bi trajala cca. 1 mesec (odvisno od vremena), zato ne vemo to\u010dnega datuma otvoritve obnovljene ko\u010de.<\/span><\/span><\/span><\/span><\/span><\/strong><\/p>\n<p><strong><span style=\"text-decoration: line-through;\"><span style=\"font-weight: normal; -webkit-text-decorations-in-effect: none;\"><span style=\"text-decoration: line-through;\"><span style=\"-webkit-text-decorations-in-effect: none;\"><span style=\"-webkit-text-decorations-in-effect: none;\"><span style=\"-webkit-text-decorations-in-effect: none;\">Kon\u010dno!<\/span><\/span><\/span><\/span><\/span><\/span><\/strong><\/p>\n<p><strong><span style=\"text-decoration: line-through;\"><span style=\"font-weight: normal; -webkit-text-decorations-in-effect: none;\"><span style=\"text-decoration: line-through;\"><span style=\"-webkit-text-decorations-in-effect: none;\"><span style=\"-webkit-text-decorations-in-effect: none;\"><span style=\"-webkit-text-decorations-in-effect: none;\"><span style=\"-webkit-text-decorations-in-effect: none;\"><span style=\"text-decoration: line-through;\">Vse novice bom tudi sproti objavil.<\/span><\/span><\/span><\/span><\/span><\/span><\/span><\/span><\/strong><\/p>\n<p><strong>Sedaj pa v akcijo za denarjem!<\/strong><\/p>\n","protected":false},"excerpt":{"rendered":"<p>Pa smo do\u010dakali prvi april! Nepri\u010dakovano hitro smo dobili obljubljena evropska sredstva, ki jih bomo porabili za obnovo ko\u010de. Na obnovo \u010dakamo \u017ee predolgo, zato smo tega darila \u0161e toliko bolj veseli. Odobrili so nam kar 50.000 EUR pod pogojem, da sami zberemo \u0161e dodatnih 15.000 EUR. PD Kranj bo prispeval samo 5.000 EUR, ostalo [&hellip;]<\/p>\n","protected":false},"author":2,"featured_media":0,"comment_status":"open","ping_status":"open","sticky":false,"template":"","format":"standard","meta":{"footnotes":""},"categories":[5],"tags":[],"_links":{"self":[{"href":"https:\/\/kalisce.com\/blog\/wp-json\/wp\/v2\/posts\/1319"}],"collection":[{"href":"https:\/\/kalisce.com\/blog\/wp-json\/wp\/v2\/posts"}],"about":[{"href":"https:\/\/kalisce.com\/blog\/wp-json\/wp\/v2\/types\/post"}],"author":[{"embeddable":true,"href":"https:\/\/kalisce.com\/blog\/wp-json\/wp\/v2\/users\/2"}],"replies":[{"embeddable":true,"href":"https:\/\/kalisce.com\/blog\/wp-json\/wp\/v2\/comments?post=1319"}],"version-history":[{"count":16,"href":"https:\/\/kalisce.com\/blog\/wp-json\/wp\/v2\/posts\/1319\/revisions"}],"predecessor-version":[{"id":1322,"href":"https:\/\/kalisce.com\/blog\/wp-json\/wp\/v2\/posts\/1319\/revisions\/1322"}],"wp:attachment":[{"href":"https:\/\/kalisce.com\/blog\/wp-json\/wp\/v2\/media?parent=1319"}],"wp:term":[{"taxonomy":"category","embeddable":true,"href":"https:\/\/kalisce.com\/blog\/wp-json\/wp\/v2\/categories?post=1319"},{"taxonomy":"post_tag","embeddable":true,"href":"https:\/\/kalisce.com\/blog\/wp-json\/wp\/v2\/tags?post=1319"}],"curies":[{"name":"wp","href":"https:\/\/api.w.org\/{rel}","templated":true}]}}