{"id":1410,"date":"2010-04-19T12:52:50","date_gmt":"2010-04-19T11:52:50","guid":{"rendered":"http:\/\/kalisce.com\/blog\/?p=1410"},"modified":"2010-04-19T18:38:32","modified_gmt":"2010-04-19T17:38:32","slug":"trio-adijo-na-kaliscu","status":"publish","type":"post","link":"https:\/\/kalisce.com\/blog\/2010\/04\/19\/trio-adijo-na-kaliscu\/","title":{"rendered":"Trio Adijo na Kali\u0161\u010du"},"content":{"rendered":"<div id=\"attachment_1411\" style=\"width: 360px\" class=\"wp-caption alignleft\"><a href=\"https:\/\/kalisce.com\/blog\/foto\/2009\/100418\/index.html\"><img loading=\"lazy\" decoding=\"async\" aria-describedby=\"caption-attachment-1411\" class=\"size-full wp-image-1411\" title=\"Trio Adijo s hi\u0161nim bobnarjem\" src=\"https:\/\/kalisce.com\/blog\/wp-content\/uploads\/2010\/04\/IMG_8819.jpg\" alt=\"Trio Adijo s hi\u0161nim bobnarjem\" width=\"350\" height=\"295\" srcset=\"https:\/\/kalisce.com\/blog\/wp-content\/uploads\/2010\/04\/IMG_8819.jpg 350w, https:\/\/kalisce.com\/blog\/wp-content\/uploads\/2010\/04\/IMG_8819-150x126.jpg 150w, https:\/\/kalisce.com\/blog\/wp-content\/uploads\/2010\/04\/IMG_8819-300x252.jpg 300w\" sizes=\"(max-width: 350px) 100vw, 350px\" \/><\/a><p id=\"caption-attachment-1411\" class=\"wp-caption-text\">Trio Adijo s hi\u0161nim bobnarjem<\/p><\/div>\n<p><strong>Velika slovenska \u010distilna akcija<\/strong> se je dogajala tudi na strminah pod Stor\u017ei\u010dem.<br \/>\nSmeti nikar ne odmetavajte povsod, ampak jih odnesite v dolino \u2757 \u2757 \u2757 Hvala!<\/p>\n<p><strong>Trinajsta <\/strong>sezona za KLJUKE se po\u010dasi izteka, saj je pred nami zadnji vpisni vikend. Veselje ob pri\u010dakovanju pomladi smo v nedeljo delili z izvrstnimi muzikontarji z imenom<strong> TRIO ADIJO<\/strong> \ud83d\ude42 . Na bobnih jih je spremljal na\u0161 hi\u0161ni bobnar <strong>Jo\u017ee<\/strong>.<\/p>\n<p>Veselica je bila predvidena izklju\u010dno ob lepem vremenu \u2757 in to na terasi pred ko\u010do. Vreme nam jo je tokrat s pomo\u010djo vulkanskega pepela zelo zagodlo. Kljub obetavnim napovedim smo imeli v nedeljo dopoldan pravi sne\u017eni mete\u017e, ki je veliko planincev odvrnil od na\u010drtovanega vzpona pod Stor\u017ei\u010d. Glasbeniki se niso pretirano sekirali in kljub ne preve\u010d \u0161tevilni zasedbi v ko\u010di priredili vrhunsko veselico s plesom! Sli\u0161ali smo celo <strong>Pink Floyde<\/strong> \ud83d\ude00 \u00a0Se \u017ee dogovarjamo za ponovitev!<\/p>\n<p>Poslab\u0161anje vremena je bilo kratkotrajno, tako da se je proti ve\u010deru pokazalo celo sonce, hribovci pa spet nikakor niso hoteli v varno dolino \ud83d\ude2f .<\/p>\n<p><strong><a href=\"https:\/\/kalisce.com\/blog\/6-ur-kalisca\/\">6 ur Kali\u0161\u010da 2010<\/a> &#8211; <\/strong><strong>CD s fotografijami lahko dobite za \u0161ankom na Kali\u0161\u010du &#8211; <strong><a style=\"color: #a0bc00; text-decoration: none;\" href=\"https:\/\/kalisce.com\/blog\/6ur\/2010\/kljuka2010.pdf\">Prispevek udele\u017eenke \u2013 pdf<\/a><\/strong><\/strong><\/p>\n<p><strong><a href=\"https:\/\/kalisce.com\/blog\/foto\/2009\/100418\/index.html\">Galerija<\/a><\/strong><\/p>\n<p><strong><a href=\"http:\/\/www.youtube.com\/watch?v=SgHp8IN7p2o\">FILM<\/a><\/strong><\/p>\n<p><strong><strong><strong><strong><strong><strong><strong><strong><strong><strong><a style=\"color: #a0bc00; text-decoration: none;\" href=\"https:\/\/kalisce.com\/blog\/vpisi\/2009\/180410.pdf\">KLJUKA \u2013 vpisi do 18. aprila 2010<\/a><\/strong><\/strong><\/strong><\/strong><\/strong><\/strong><\/strong><\/strong><\/strong><\/strong><\/p>\n","protected":false},"excerpt":{"rendered":"<p>Velika slovenska \u010distilna akcija se je dogajala tudi na strminah pod Stor\u017ei\u010dem. Smeti nikar ne odmetavajte povsod, ampak jih odnesite v dolino \u2757 \u2757 \u2757 Hvala! Trinajsta sezona za KLJUKE se po\u010dasi izteka, saj je pred nami zadnji vpisni vikend. Veselje ob pri\u010dakovanju pomladi smo v nedeljo delili z izvrstnimi muzikontarji z imenom TRIO ADIJO [&hellip;]<\/p>\n","protected":false},"author":2,"featured_media":0,"comment_status":"open","ping_status":"open","sticky":false,"template":"","format":"standard","meta":{"footnotes":""},"categories":[9,8],"tags":[],"_links":{"self":[{"href":"https:\/\/kalisce.com\/blog\/wp-json\/wp\/v2\/posts\/1410"}],"collection":[{"href":"https:\/\/kalisce.com\/blog\/wp-json\/wp\/v2\/posts"}],"about":[{"href":"https:\/\/kalisce.com\/blog\/wp-json\/wp\/v2\/types\/post"}],"author":[{"embeddable":true,"href":"https:\/\/kalisce.com\/blog\/wp-json\/wp\/v2\/users\/2"}],"replies":[{"embeddable":true,"href":"https:\/\/kalisce.com\/blog\/wp-json\/wp\/v2\/comments?post=1410"}],"version-history":[{"count":11,"href":"https:\/\/kalisce.com\/blog\/wp-json\/wp\/v2\/posts\/1410\/revisions"}],"predecessor-version":[{"id":1414,"href":"https:\/\/kalisce.com\/blog\/wp-json\/wp\/v2\/posts\/1410\/revisions\/1414"}],"wp:attachment":[{"href":"https:\/\/kalisce.com\/blog\/wp-json\/wp\/v2\/media?parent=1410"}],"wp:term":[{"taxonomy":"category","embeddable":true,"href":"https:\/\/kalisce.com\/blog\/wp-json\/wp\/v2\/categories?post=1410"},{"taxonomy":"post_tag","embeddable":true,"href":"https:\/\/kalisce.com\/blog\/wp-json\/wp\/v2\/tags?post=1410"}],"curies":[{"name":"wp","href":"https:\/\/api.w.org\/{rel}","templated":true}]}}