{"id":1465,"date":"2010-05-10T15:59:34","date_gmt":"2010-05-10T14:59:34","guid":{"rendered":"http:\/\/kalisce.com\/blog\/?p=1465"},"modified":"2010-05-21T17:55:23","modified_gmt":"2010-05-21T16:55:23","slug":"zakljucek-kljuk-20092010","status":"publish","type":"post","link":"https:\/\/kalisce.com\/blog\/2010\/05\/10\/zakljucek-kljuk-20092010\/","title":{"rendered":"Zaklju\u010dek KLJUK 2009\/2010"},"content":{"rendered":"<div id=\"attachment_1467\" style=\"width: 610px\" class=\"wp-caption aligncenter\"><a href=\"https:\/\/kalisce.com\/blog\/foto\/2009\/100509\/index.html\"><img loading=\"lazy\" decoding=\"async\" aria-describedby=\"caption-attachment-1467\" class=\"size-full wp-image-1467 \" title=\"Gasilska fotografija 2010\" src=\"https:\/\/kalisce.com\/blog\/wp-content\/uploads\/2010\/05\/IMG_2000m.jpg\" alt=\"Gasilska fotografija 2010\" width=\"600\" height=\"400\" srcset=\"https:\/\/kalisce.com\/blog\/wp-content\/uploads\/2010\/05\/IMG_2000m.jpg 600w, https:\/\/kalisce.com\/blog\/wp-content\/uploads\/2010\/05\/IMG_2000m-150x100.jpg 150w, https:\/\/kalisce.com\/blog\/wp-content\/uploads\/2010\/05\/IMG_2000m-300x200.jpg 300w\" sizes=\"(max-width: 600px) 100vw, 600px\" \/><\/a><p id=\"caption-attachment-1467\" class=\"wp-caption-text\">Gasilska fotografija 2010<\/p><\/div>\n<p>V nedeljo, 9. maja 2010, smo z zaklju\u010dno veselico tudi uradno kon\u010dali 13. sezono vpisovanja v knjigo <strong>kluba ljubiteljev Kali\u0161\u010da &#8211; KLJUKA<\/strong>. Zaradi napovedanega sobotnega de\u017eja smo veselico v zadnjem hipu prestavili na nedeljo, kar se je izkazalo za zelo dobro potezo \ud83d\ude42 \u2757 \u00a0Poleg zaslu\u017eenih nagrad, priznanj in medalj, so \u0161tevilni obiskovalci dobili \u0161e okusen ri\u010det, ki smo ga s prijatelji pripravljali pod budnim Andrejevim vodstvom. Za popestritev dogajanja je poskrbel \u0161e obe\u0161en pr\u0161ut (prispevek firme <strong><a href=\"http:\/\/www.lubcon.si\/\">LUBCON<\/a><span style=\"font-weight: normal;\">)<\/span><\/strong><strong>. <\/strong>S prodajo sre\u010dk z ocenjeno vi\u0161ino smo zbrali <strong>233<\/strong> EUR, ki so namenjeni za vzdr\u017eevanje ceste. Zahvaljujemo se vsem, ki ste prinesli na Kali\u0161\u010de tudi sladke dobrote! Brez heca: marsikatera gospodinja bi lahko doma odprla <strong>&#8220;malo delo&#8221; SLA\u0160\u010cI\u010cARSTVO<\/strong> \u2757<\/p>\n<p><strong>HVALA vsem, ki ste prispevali svoj dele\u017e pri pripravi in izvedbi zabave, na kateri smo razdelili dobrih 100 litrov ri\u010deta, 300 Pe\u010djakovih buhteljnov, nekaj litrov vina in \u0161e kaj bi se na\u0161lo! \ud83d\ude00<\/strong><\/p>\n<p><strong>Po kon\u010dani sezoni se zahvaljujemo vsem, ki so nam kakorkoli pomagali prebroditi zimo! Hvala vsem za obiskovanje ko\u010de in za prispevek k prijetni atmosferi! Hvala sponzorjem, ki nam pomagajo dvigati nivo dodatne ponudbe za KLJUKE!<\/strong><\/p>\n<p>MI2 bova na Kali\u0161\u010du \u0161e \u0161tiri vikende &#8211; do za\u010detka poletne sezone, ko bo ko\u010da odprta vse dni v tednu, za \u0161ankom pa bodo poletni oskrbniki. Da se poti ne bodo preve\u010d zarasle do jeseni, ste lepo vabljeni na Kali\u0161\u010de tudi preko poletja!<\/p>\n<p>V soboto, 2. oktobra 2010, se za\u010dne \u017ee 14. sezona za KLJUKE. Dodatnih vabil po po\u0161ti ne boste dobili, saj recesija \u0161e traja \ud83d\ude41 \u2757 \u00a0<strong>Sre\u010dno<\/strong> \u2757<\/p>\n<p><strong>Marjan, Irena in Miha<\/strong><\/p>\n<p><strong><a href=\"https:\/\/kalisce.com\/blog\/foto\/2009\/100509\/index.html\">Galerija<\/a><\/strong><\/p>\n<p><strong><a href=\"https:\/\/kalisce.com\/blog\/foto\/2009\/IMG_2000.jpg\">Gasilska fotografija<\/a> &#8211; <\/strong>11 MB (nova slika na steni v ko\u010di &#8211; 194 statistov)<\/p>\n<p><strong><a style=\"color: #a0bc00; text-decoration: none;\" href=\"https:\/\/kalisce.com\/blog\/foto\/2009\/IMG_2000.rar\">Gasilska fotografija<\/a> &#8211; rar <\/strong><\/p>\n<p><strong><a href=\"http:\/\/www.youtube.com\/watch?v=DRbXdVIFvZo\">FILM <\/a><\/strong>&#8211; priprave<\/p>\n<p><strong>Radio GA GA &#8211; na Kali\u0161\u010du \u017ee gradimo marino<\/strong>: [audio:https:\/\/kalisce.com\/blog\/wp-content\/uploads\/2010\/05\/marina_na_kaliscu_gaga.mp3]<\/p>\n","protected":false},"excerpt":{"rendered":"<p>V nedeljo, 9. maja 2010, smo z zaklju\u010dno veselico tudi uradno kon\u010dali 13. sezono vpisovanja v knjigo kluba ljubiteljev Kali\u0161\u010da &#8211; KLJUKA. Zaradi napovedanega sobotnega de\u017eja smo veselico v zadnjem hipu prestavili na nedeljo, kar se je izkazalo za zelo dobro potezo \ud83d\ude42 \u2757 \u00a0Poleg zaslu\u017eenih nagrad, priznanj in medalj, so \u0161tevilni obiskovalci dobili \u0161e [&hellip;]<\/p>\n","protected":false},"author":2,"featured_media":0,"comment_status":"open","ping_status":"open","sticky":false,"template":"","format":"standard","meta":{"footnotes":""},"categories":[9,8],"tags":[],"_links":{"self":[{"href":"https:\/\/kalisce.com\/blog\/wp-json\/wp\/v2\/posts\/1465"}],"collection":[{"href":"https:\/\/kalisce.com\/blog\/wp-json\/wp\/v2\/posts"}],"about":[{"href":"https:\/\/kalisce.com\/blog\/wp-json\/wp\/v2\/types\/post"}],"author":[{"embeddable":true,"href":"https:\/\/kalisce.com\/blog\/wp-json\/wp\/v2\/users\/2"}],"replies":[{"embeddable":true,"href":"https:\/\/kalisce.com\/blog\/wp-json\/wp\/v2\/comments?post=1465"}],"version-history":[{"count":16,"href":"https:\/\/kalisce.com\/blog\/wp-json\/wp\/v2\/posts\/1465\/revisions"}],"predecessor-version":[{"id":1469,"href":"https:\/\/kalisce.com\/blog\/wp-json\/wp\/v2\/posts\/1465\/revisions\/1469"}],"wp:attachment":[{"href":"https:\/\/kalisce.com\/blog\/wp-json\/wp\/v2\/media?parent=1465"}],"wp:term":[{"taxonomy":"category","embeddable":true,"href":"https:\/\/kalisce.com\/blog\/wp-json\/wp\/v2\/categories?post=1465"},{"taxonomy":"post_tag","embeddable":true,"href":"https:\/\/kalisce.com\/blog\/wp-json\/wp\/v2\/tags?post=1465"}],"curies":[{"name":"wp","href":"https:\/\/api.w.org\/{rel}","templated":true}]}}