{"id":1507,"date":"2010-06-20T14:43:33","date_gmt":"2010-06-20T13:43:33","guid":{"rendered":"http:\/\/kalisce.com\/blog\/?p=1507"},"modified":"2010-06-20T14:44:52","modified_gmt":"2010-06-20T13:44:52","slug":"poletje-se-zacne","status":"publish","type":"post","link":"https:\/\/kalisce.com\/blog\/2010\/06\/20\/poletje-se-zacne\/","title":{"rendered":"Poletje se za\u010denja, &#8230;"},"content":{"rendered":"<div id=\"attachment_1508\" style=\"width: 330px\" class=\"wp-caption alignleft\"><a href=\"http:\/\/picasaweb.google.si\/116369390336197795938\/20100619Maraton_4_obcine#\"><img loading=\"lazy\" decoding=\"async\" aria-describedby=\"caption-attachment-1508\" class=\"size-full wp-image-1508\" title=\"Maraton \u0161tirih ob\u010din 2010\" src=\"https:\/\/kalisce.com\/blog\/wp-content\/uploads\/2010\/06\/IMG_9308.JPG\" alt=\"Maraton \u0161tirih ob\u010din 2010\" width=\"320\" height=\"240\" srcset=\"https:\/\/kalisce.com\/blog\/wp-content\/uploads\/2010\/06\/IMG_9308.JPG 320w, https:\/\/kalisce.com\/blog\/wp-content\/uploads\/2010\/06\/IMG_9308-150x112.jpg 150w, https:\/\/kalisce.com\/blog\/wp-content\/uploads\/2010\/06\/IMG_9308-300x225.jpg 300w\" sizes=\"(max-width: 320px) 100vw, 320px\" \/><\/a><p id=\"caption-attachment-1508\" class=\"wp-caption-text\">Maraton \u0161tirih ob\u010din 2010<\/p><\/div>\n<p><strong>Zaklju\u010dena je na\u0161a tretja zimska sezona na Kali\u0161\u010du<\/strong>.<\/p>\n<p>Dodajam \u0161e nekaj <a href=\"http:\/\/picasaweb.google.si\/116369390336197795938\/100606KalisceKonec#\">majskih fotografij<\/a> s Kali\u0161\u010da, ko so bile <strong>KLJUKE<\/strong> \u017ee zelo razred\u010dene \ud83d\ude42<\/p>\n<p><strong><a href=\"http:\/\/picasaweb.google.si\/116369390336197795938\/100606KalisceKonec#\">Galerija<\/a><\/strong><\/p>\n<p><strong>V soboto, 19. junija 2010,<\/strong> se je veliko \u010dlanov KLJUK udele\u017eilo 9. maratona \u0161tirih ob\u010din s \u0161tartom na Petrovem brdu.<\/p>\n<p><strong><a href=\"http:\/\/www.gm4o.si\/\">GM4O<\/a><\/strong> &#8211; doma\u010da stran<\/p>\n<p><strong><a href=\"http:\/\/picasaweb.google.si\/116369390336197795938\/20100619Maraton_4_obcine#\">Fotogalerija<\/a><\/strong><\/p>\n<p><strong><a href=\"http:\/\/www.youtube.com\/watch?v=YxLSKpkhoDU\">Film<\/a><\/strong><\/p>\n","protected":false},"excerpt":{"rendered":"<p>Zaklju\u010dena je na\u0161a tretja zimska sezona na Kali\u0161\u010du. Dodajam \u0161e nekaj majskih fotografij s Kali\u0161\u010da, ko so bile KLJUKE \u017ee zelo razred\u010dene \ud83d\ude42 Galerija V soboto, 19. junija 2010, se je veliko \u010dlanov KLJUK udele\u017eilo 9. maratona \u0161tirih ob\u010din s \u0161tartom na Petrovem brdu. GM4O &#8211; doma\u010da stran Fotogalerija Film<\/p>\n","protected":false},"author":2,"featured_media":0,"comment_status":"open","ping_status":"open","sticky":false,"template":"","format":"standard","meta":{"footnotes":""},"categories":[9,13],"tags":[],"_links":{"self":[{"href":"https:\/\/kalisce.com\/blog\/wp-json\/wp\/v2\/posts\/1507"}],"collection":[{"href":"https:\/\/kalisce.com\/blog\/wp-json\/wp\/v2\/posts"}],"about":[{"href":"https:\/\/kalisce.com\/blog\/wp-json\/wp\/v2\/types\/post"}],"author":[{"embeddable":true,"href":"https:\/\/kalisce.com\/blog\/wp-json\/wp\/v2\/users\/2"}],"replies":[{"embeddable":true,"href":"https:\/\/kalisce.com\/blog\/wp-json\/wp\/v2\/comments?post=1507"}],"version-history":[{"count":3,"href":"https:\/\/kalisce.com\/blog\/wp-json\/wp\/v2\/posts\/1507\/revisions"}],"predecessor-version":[{"id":1510,"href":"https:\/\/kalisce.com\/blog\/wp-json\/wp\/v2\/posts\/1507\/revisions\/1510"}],"wp:attachment":[{"href":"https:\/\/kalisce.com\/blog\/wp-json\/wp\/v2\/media?parent=1507"}],"wp:term":[{"taxonomy":"category","embeddable":true,"href":"https:\/\/kalisce.com\/blog\/wp-json\/wp\/v2\/categories?post=1507"},{"taxonomy":"post_tag","embeddable":true,"href":"https:\/\/kalisce.com\/blog\/wp-json\/wp\/v2\/tags?post=1507"}],"curies":[{"name":"wp","href":"https:\/\/api.w.org\/{rel}","templated":true}]}}