{"id":1516,"date":"2010-08-30T15:15:02","date_gmt":"2010-08-30T14:15:02","guid":{"rendered":"http:\/\/kalisce.com\/blog\/?p=1516"},"modified":"2010-08-30T15:30:55","modified_gmt":"2010-08-30T14:30:55","slug":"srecno-mladoporocenca","status":"publish","type":"post","link":"https:\/\/kalisce.com\/blog\/2010\/08\/30\/srecno-mladoporocenca\/","title":{"rendered":"Sre\u010dno mladoporo\u010denca!"},"content":{"rendered":"<div id=\"attachment_1517\" style=\"width: 310px\" class=\"wp-caption alignleft\"><a href=\"https:\/\/kalisce.com\/blog\/wp-content\/uploads\/2010\/08\/IMG_8934.JPG\"><img loading=\"lazy\" decoding=\"async\" aria-describedby=\"caption-attachment-1517\" class=\"size-medium wp-image-1517 \" title=\"Priprave na poroko na Kali\u0161\u010du\" src=\"https:\/\/kalisce.com\/blog\/wp-content\/uploads\/2010\/08\/IMG_8934-300x225.jpg\" alt=\"Priprave na poroko na Kali\u0161\u010du\" width=\"300\" height=\"225\" srcset=\"https:\/\/kalisce.com\/blog\/wp-content\/uploads\/2010\/08\/IMG_8934-300x225.jpg 300w, https:\/\/kalisce.com\/blog\/wp-content\/uploads\/2010\/08\/IMG_8934-150x112.jpg 150w, https:\/\/kalisce.com\/blog\/wp-content\/uploads\/2010\/08\/IMG_8934-1024x768.jpg 1024w, https:\/\/kalisce.com\/blog\/wp-content\/uploads\/2010\/08\/IMG_8934.JPG 1200w\" sizes=\"(max-width: 300px) 100vw, 300px\" \/><\/a><p id=\"caption-attachment-1517\" class=\"wp-caption-text\">Priprave na poroko<\/p><\/div>\n<p>V soboto, 28. avgusta 2010, sta stopila na skupno \u017eivljensko pot dva na\u0161a \u010dlana: <strong><span style=\"color: #ff0000;\">Anita Zorman<\/span><\/strong> in<span style=\"color: #ff0000;\"> <\/span><strong><span style=\"color: #ff0000;\">Ga\u0161per Brolih<\/span><\/strong><strong>!<\/strong><\/p>\n<p>Konec aprila so se na Kali\u0161\u010du s prijatelji takole pripravljali na sre\u010dni dogodek (glej sliko).<\/p>\n<p><strong>\u017delimo jima veliko sre\u010de v zakonu in da bi \u0161e naprej prihajala na Kali\u0161\u010de!<\/strong><\/p>\n<p><strong><a href=\"http:\/\/www.youtube.com\/watch?v=skwBiajPiWM\">Film <\/a><\/strong>&#8211; za obuditev spominov \ud83d\ude42<\/p>\n","protected":false},"excerpt":{"rendered":"<p>V soboto, 28. avgusta 2010, sta stopila na skupno \u017eivljensko pot dva na\u0161a \u010dlana: Anita Zorman in Ga\u0161per Brolih! Konec aprila so se na Kali\u0161\u010du s prijatelji takole pripravljali na sre\u010dni dogodek (glej sliko). \u017delimo jima veliko sre\u010de v zakonu in da bi \u0161e naprej prihajala na Kali\u0161\u010de! Film &#8211; za obuditev spominov \ud83d\ude42<\/p>\n","protected":false},"author":2,"featured_media":0,"comment_status":"open","ping_status":"open","sticky":false,"template":"","format":"standard","meta":{"footnotes":""},"categories":[9,8],"tags":[],"_links":{"self":[{"href":"https:\/\/kalisce.com\/blog\/wp-json\/wp\/v2\/posts\/1516"}],"collection":[{"href":"https:\/\/kalisce.com\/blog\/wp-json\/wp\/v2\/posts"}],"about":[{"href":"https:\/\/kalisce.com\/blog\/wp-json\/wp\/v2\/types\/post"}],"author":[{"embeddable":true,"href":"https:\/\/kalisce.com\/blog\/wp-json\/wp\/v2\/users\/2"}],"replies":[{"embeddable":true,"href":"https:\/\/kalisce.com\/blog\/wp-json\/wp\/v2\/comments?post=1516"}],"version-history":[{"count":5,"href":"https:\/\/kalisce.com\/blog\/wp-json\/wp\/v2\/posts\/1516\/revisions"}],"predecessor-version":[{"id":1519,"href":"https:\/\/kalisce.com\/blog\/wp-json\/wp\/v2\/posts\/1516\/revisions\/1519"}],"wp:attachment":[{"href":"https:\/\/kalisce.com\/blog\/wp-json\/wp\/v2\/media?parent=1516"}],"wp:term":[{"taxonomy":"category","embeddable":true,"href":"https:\/\/kalisce.com\/blog\/wp-json\/wp\/v2\/categories?post=1516"},{"taxonomy":"post_tag","embeddable":true,"href":"https:\/\/kalisce.com\/blog\/wp-json\/wp\/v2\/tags?post=1516"}],"curies":[{"name":"wp","href":"https:\/\/api.w.org\/{rel}","templated":true}]}}