{"id":1529,"date":"2010-09-27T14:34:24","date_gmt":"2010-09-27T13:34:24","guid":{"rendered":"http:\/\/kalisce.com\/blog\/?p=1529"},"modified":"2010-09-27T14:52:01","modified_gmt":"2010-09-27T13:52:01","slug":"kljuka-zacetek-14-sezone","status":"publish","type":"post","link":"https:\/\/kalisce.com\/blog\/2010\/09\/27\/kljuka-zacetek-14-sezone\/","title":{"rendered":"KLJUKA &#8211; za\u010detek 14. sezone"},"content":{"rendered":"<div id=\"attachment_1530\" style=\"width: 360px\" class=\"wp-caption alignleft\"><a href=\"http:\/\/picasaweb.google.si\/116369390336197795938\/Kalisce26102010#\"><img loading=\"lazy\" decoding=\"async\" aria-describedby=\"caption-attachment-1530\" class=\"size-full wp-image-1530 \" title=\"Ko\u010da na Kali\u0161\u010du\" src=\"https:\/\/kalisce.com\/blog\/wp-content\/uploads\/2010\/09\/IMG_1408.jpg\" alt=\"Ko\u010da na Kali\u0161\u010du\" width=\"350\" height=\"263\" srcset=\"https:\/\/kalisce.com\/blog\/wp-content\/uploads\/2010\/09\/IMG_1408.jpg 350w, https:\/\/kalisce.com\/blog\/wp-content\/uploads\/2010\/09\/IMG_1408-150x112.jpg 150w, https:\/\/kalisce.com\/blog\/wp-content\/uploads\/2010\/09\/IMG_1408-300x225.jpg 300w\" sizes=\"(max-width: 350px) 100vw, 350px\" \/><\/a><p id=\"caption-attachment-1530\" class=\"wp-caption-text\">Ko\u010da na Kali\u0161\u010du<\/p><\/div>\n<p>Pred nami je \u017ee <strong>14. zimska sezona za KLJUKE<\/strong>. Prvi vpisni dan je sobota, 2. oktobra 2010. Ve\u010d podatkov lahko dobite v <strong><a href=\"https:\/\/kalisce.com\/blog\/kljuka\/\">razpisu<\/a><\/strong>.<\/p>\n<p>Poletje je bilo kratko \ud83d\ude42<\/p>\n<p><strong><a href=\"http:\/\/picasaweb.google.si\/116369390336197795938\/Kalisce26102010#\">Galerija <\/a><\/strong>&#8211; utrinki s Triglava z okolico, prestavljena ko\u010da na Kali\u0161\u010du, pravi dimnikar v bajti, gobe, gobe,&#8230; rastejo \u0161e na avtomobilih, de\u017eeven najin prvi vikend, &#8230;<\/p>\n<p>Se vidimo!<\/p>\n<p>MI2<\/p>\n","protected":false},"excerpt":{"rendered":"<p>Pred nami je \u017ee 14. zimska sezona za KLJUKE. Prvi vpisni dan je sobota, 2. oktobra 2010. Ve\u010d podatkov lahko dobite v razpisu. Poletje je bilo kratko \ud83d\ude42 Galerija &#8211; utrinki s Triglava z okolico, prestavljena ko\u010da na Kali\u0161\u010du, pravi dimnikar v bajti, gobe, gobe,&#8230; rastejo \u0161e na avtomobilih, de\u017eeven najin prvi vikend, &#8230; Se [&hellip;]<\/p>\n","protected":false},"author":2,"featured_media":0,"comment_status":"open","ping_status":"open","sticky":false,"template":"","format":"standard","meta":{"footnotes":""},"categories":[9,8],"tags":[],"_links":{"self":[{"href":"https:\/\/kalisce.com\/blog\/wp-json\/wp\/v2\/posts\/1529"}],"collection":[{"href":"https:\/\/kalisce.com\/blog\/wp-json\/wp\/v2\/posts"}],"about":[{"href":"https:\/\/kalisce.com\/blog\/wp-json\/wp\/v2\/types\/post"}],"author":[{"embeddable":true,"href":"https:\/\/kalisce.com\/blog\/wp-json\/wp\/v2\/users\/2"}],"replies":[{"embeddable":true,"href":"https:\/\/kalisce.com\/blog\/wp-json\/wp\/v2\/comments?post=1529"}],"version-history":[{"count":3,"href":"https:\/\/kalisce.com\/blog\/wp-json\/wp\/v2\/posts\/1529\/revisions"}],"predecessor-version":[{"id":1532,"href":"https:\/\/kalisce.com\/blog\/wp-json\/wp\/v2\/posts\/1529\/revisions\/1532"}],"wp:attachment":[{"href":"https:\/\/kalisce.com\/blog\/wp-json\/wp\/v2\/media?parent=1529"}],"wp:term":[{"taxonomy":"category","embeddable":true,"href":"https:\/\/kalisce.com\/blog\/wp-json\/wp\/v2\/categories?post=1529"},{"taxonomy":"post_tag","embeddable":true,"href":"https:\/\/kalisce.com\/blog\/wp-json\/wp\/v2\/tags?post=1529"}],"curies":[{"name":"wp","href":"https:\/\/api.w.org\/{rel}","templated":true}]}}