{"id":1538,"date":"2010-10-04T11:21:19","date_gmt":"2010-10-04T10:21:19","guid":{"rendered":"http:\/\/kalisce.com\/blog\/?p=1538"},"modified":"2010-10-04T15:46:23","modified_gmt":"2010-10-04T14:46:23","slug":"prvi-vikend-za-kljuke","status":"publish","type":"post","link":"https:\/\/kalisce.com\/blog\/2010\/10\/04\/prvi-vikend-za-kljuke\/","title":{"rendered":"Prvi vikend za KLJUKE"},"content":{"rendered":"<div id=\"attachment_1539\" style=\"width: 360px\" class=\"wp-caption alignleft\"><a href=\"http:\/\/picasaweb.google.si\/116369390336197795938\/Kalisce3102010Zacetek14SezoneZaKLJUKE#\"><img loading=\"lazy\" decoding=\"async\" aria-describedby=\"caption-attachment-1539\" class=\"size-full wp-image-1539\" title=\"Jutro na Stor\u017ei\u010du\" src=\"https:\/\/kalisce.com\/blog\/wp-content\/uploads\/2010\/10\/DSC04260.jpg\" alt=\"Jutro na Stor\u017ei\u010du\" width=\"350\" height=\"263\" srcset=\"https:\/\/kalisce.com\/blog\/wp-content\/uploads\/2010\/10\/DSC04260.jpg 350w, https:\/\/kalisce.com\/blog\/wp-content\/uploads\/2010\/10\/DSC04260-150x112.jpg 150w, https:\/\/kalisce.com\/blog\/wp-content\/uploads\/2010\/10\/DSC04260-300x225.jpg 300w\" sizes=\"(max-width: 350px) 100vw, 350px\" \/><\/a><p id=\"caption-attachment-1539\" class=\"wp-caption-text\">Jutro na Stor\u017ei\u010du<\/p><\/div>\n<p><strong>\u0160tirinajsta sezona za KLJUKE se je za\u010dela<\/strong>! Spet bomo najprej o vremenu: dolina je bila zavita v meglo, nad na\u0161o bajto pa je kraljevalo toplo jesensko sonce.<\/p>\n<p>Ko\u010da na Kali\u0161\u010du je bila ponovno zelo dobro obiskana. \u017de prvi vpisni vikend se je v\u010dlanilo v <strong>K<\/strong>lub <strong>LJU<\/strong>biteljev <strong>KA<\/strong>li\u0161\u010da preko 100 pohodnikov in med njimi je kar nekaj sve\u017eih obrazov. Dobrodo\u0161li \u2757<\/p>\n<p>V imenu KLJUK se zahvaljujem vsakoletnima sponzorjema\u00a0<strong><a href=\"http:\/\/www.urospuhar-sp.si\/\">Uro\u0161u Puharju<\/a><\/strong> in <strong><a href=\"http:\/\/www.parketarstvo-pavlic.com\/index.php\">Parketarstvu Pavli\u010d<\/a><\/strong>, ki sta finan\u010dno podprla na\u0161 klub. Hvala!<\/p>\n<p><strong>Peter Polajnar<\/strong> nam je prinesel prvi kostanj \u2757 Hvala! Se priporo\u010damo!<\/p>\n<p>Hvala\u00a0<strong>Janezu Reberniku<\/strong> in <strong>Andreju Miru<\/strong> za prelepe fotografije s Stor\u017ei\u010da. Marsikomu se bodo pocedile sline &#8230;. \u00a0Gobarska sezona je \u0161e v polnem teku (na slikah so enkratne u\u017eitne gobe).<\/p>\n<p><strong><a href=\"http:\/\/picasaweb.google.si\/116369390336197795938\/Kalisce3102010Zacetek14SezoneZaKLJUKE#\">Galerija<\/a><\/strong><\/p>\n<p><strong><a href=\"http:\/\/www.youtube.com\/watch?v=2mlTs3jYJo4\">Film <\/a><\/strong>&#8211; panorama na Stor\u017ei\u010du (Janez Rebernik)<\/p>\n<p><strong><a href=\"https:\/\/kalisce.com\/blog\/vpisi\/2010\/031010.pdf\">KLJUKA &#8211; vpisi do 3. oktobra 2010<\/a><\/strong><\/p>\n","protected":false},"excerpt":{"rendered":"<p>\u0160tirinajsta sezona za KLJUKE se je za\u010dela! Spet bomo najprej o vremenu: dolina je bila zavita v meglo, nad na\u0161o bajto pa je kraljevalo toplo jesensko sonce. Ko\u010da na Kali\u0161\u010du je bila ponovno zelo dobro obiskana. \u017de prvi vpisni vikend se je v\u010dlanilo v Klub LJUbiteljev KAli\u0161\u010da preko 100 pohodnikov in med njimi je kar [&hellip;]<\/p>\n","protected":false},"author":2,"featured_media":0,"comment_status":"open","ping_status":"open","sticky":false,"template":"","format":"standard","meta":{"footnotes":""},"categories":[9,8],"tags":[],"_links":{"self":[{"href":"https:\/\/kalisce.com\/blog\/wp-json\/wp\/v2\/posts\/1538"}],"collection":[{"href":"https:\/\/kalisce.com\/blog\/wp-json\/wp\/v2\/posts"}],"about":[{"href":"https:\/\/kalisce.com\/blog\/wp-json\/wp\/v2\/types\/post"}],"author":[{"embeddable":true,"href":"https:\/\/kalisce.com\/blog\/wp-json\/wp\/v2\/users\/2"}],"replies":[{"embeddable":true,"href":"https:\/\/kalisce.com\/blog\/wp-json\/wp\/v2\/comments?post=1538"}],"version-history":[{"count":7,"href":"https:\/\/kalisce.com\/blog\/wp-json\/wp\/v2\/posts\/1538\/revisions"}],"predecessor-version":[{"id":1541,"href":"https:\/\/kalisce.com\/blog\/wp-json\/wp\/v2\/posts\/1538\/revisions\/1541"}],"wp:attachment":[{"href":"https:\/\/kalisce.com\/blog\/wp-json\/wp\/v2\/media?parent=1538"}],"wp:term":[{"taxonomy":"category","embeddable":true,"href":"https:\/\/kalisce.com\/blog\/wp-json\/wp\/v2\/categories?post=1538"},{"taxonomy":"post_tag","embeddable":true,"href":"https:\/\/kalisce.com\/blog\/wp-json\/wp\/v2\/tags?post=1538"}],"curies":[{"name":"wp","href":"https:\/\/api.w.org\/{rel}","templated":true}]}}