{"id":1558,"date":"2010-10-11T12:21:06","date_gmt":"2010-10-11T11:21:06","guid":{"rendered":"http:\/\/kalisce.com\/blog\/?p=1558"},"modified":"2010-10-11T16:10:48","modified_gmt":"2010-10-11T15:10:48","slug":"prvi-lep-jesenski-vikend","status":"publish","type":"post","link":"https:\/\/kalisce.com\/blog\/2010\/10\/11\/prvi-lep-jesenski-vikend\/","title":{"rendered":"Prvi lep jesenski vikend"},"content":{"rendered":"<div id=\"attachment_1559\" style=\"width: 360px\" class=\"wp-caption alignleft\"><a href=\"http:\/\/picasaweb.google.si\/116369390336197795938\/Kalisce10102010#\"><img loading=\"lazy\" decoding=\"async\" aria-describedby=\"caption-attachment-1559\" class=\"size-full wp-image-1559 \" title=\"Son\u010dni vzhod s Stor\u017ei\u010da - foto Janez Rebernik\" src=\"https:\/\/kalisce.com\/blog\/wp-content\/uploads\/2010\/10\/DSC04354.jpg\" alt=\"Son\u010dni vzhod s Stor\u017ei\u010da - foto Janez Rebernik\" width=\"350\" height=\"263\" srcset=\"https:\/\/kalisce.com\/blog\/wp-content\/uploads\/2010\/10\/DSC04354.jpg 350w, https:\/\/kalisce.com\/blog\/wp-content\/uploads\/2010\/10\/DSC04354-150x112.jpg 150w, https:\/\/kalisce.com\/blog\/wp-content\/uploads\/2010\/10\/DSC04354-300x225.jpg 300w\" sizes=\"(max-width: 350px) 100vw, 350px\" \/><\/a><p id=\"caption-attachment-1559\" class=\"wp-caption-text\">Son\u010dni vzhod s Stor\u017ei\u010da<\/p><\/div>\n<p>Drugi vikend za KLJUKE je bil v znamenju lepega jesenskega vremena, za nami pa je tudi prvi krog volitev za \u017eupane (nekateri drugega ne potrebujejo).<\/p>\n<p>V hribih je pa\u010d tako, da so prav son\u010dni vzhodi najlep\u0161i. <strong>Janez Rebernik<\/strong> je vse dokumentiral z vrha Stor\u017ei\u010da, meni pa obveznosti ne dovoljujejo dalj\u0161ih izletov \u00a0(terasa pred bajto). Na koncu <a href=\"http:\/\/picasaweb.google.si\/116369390336197795938\/Kalisce10102010#\">galerije <\/a>so \u0161e redki posnetki dogajanja na nebu, ki jih je posnela na\u0161a stalna sodelavka pri vzponu na Ko\u010dno.<\/p>\n<p>Hvala <strong>Petru <\/strong>in zakoncema <strong>Kristanc <\/strong>za kostanj \u2757<\/p>\n<p><strong>Naro\u010dena (pla\u010dana) objava:<\/strong><br \/>\nOb lepem vremenu je poleg stalnih obiskovalcev Kali\u0161\u010da na stezah pod Stor\u017ei\u010dem \u0161e mnogo drugih. V minulih dneh je bilo med pohodniki nekaj nepotrebne slabe volje in konfliktov zaradi psov.<br \/>\n<strong>Zato lepo prosimo vse lastnike psov, da jih imajo na vrvici!<\/strong><\/p>\n<p><strong><a href=\"http:\/\/picasaweb.google.si\/116369390336197795938\/Kalisce10102010#\">Galerija<\/a><\/strong><\/p>\n<p><strong><strong><a style=\"color: #a0bc00; text-decoration: none;\" href=\"https:\/\/kalisce.com\/blog\/vpisi\/2010\/101010.pdf\">KLJUKA \u2013 vpisi do 10. oktobra 2010<\/a><\/strong><\/strong><\/p>\n","protected":false},"excerpt":{"rendered":"<p>Drugi vikend za KLJUKE je bil v znamenju lepega jesenskega vremena, za nami pa je tudi prvi krog volitev za \u017eupane (nekateri drugega ne potrebujejo). V hribih je pa\u010d tako, da so prav son\u010dni vzhodi najlep\u0161i. Janez Rebernik je vse dokumentiral z vrha Stor\u017ei\u010da, meni pa obveznosti ne dovoljujejo dalj\u0161ih izletov \u00a0(terasa pred bajto). Na [&hellip;]<\/p>\n","protected":false},"author":2,"featured_media":0,"comment_status":"open","ping_status":"open","sticky":false,"template":"","format":"standard","meta":{"footnotes":""},"categories":[9,8],"tags":[],"_links":{"self":[{"href":"https:\/\/kalisce.com\/blog\/wp-json\/wp\/v2\/posts\/1558"}],"collection":[{"href":"https:\/\/kalisce.com\/blog\/wp-json\/wp\/v2\/posts"}],"about":[{"href":"https:\/\/kalisce.com\/blog\/wp-json\/wp\/v2\/types\/post"}],"author":[{"embeddable":true,"href":"https:\/\/kalisce.com\/blog\/wp-json\/wp\/v2\/users\/2"}],"replies":[{"embeddable":true,"href":"https:\/\/kalisce.com\/blog\/wp-json\/wp\/v2\/comments?post=1558"}],"version-history":[{"count":5,"href":"https:\/\/kalisce.com\/blog\/wp-json\/wp\/v2\/posts\/1558\/revisions"}],"predecessor-version":[{"id":1561,"href":"https:\/\/kalisce.com\/blog\/wp-json\/wp\/v2\/posts\/1558\/revisions\/1561"}],"wp:attachment":[{"href":"https:\/\/kalisce.com\/blog\/wp-json\/wp\/v2\/media?parent=1558"}],"wp:term":[{"taxonomy":"category","embeddable":true,"href":"https:\/\/kalisce.com\/blog\/wp-json\/wp\/v2\/categories?post=1558"},{"taxonomy":"post_tag","embeddable":true,"href":"https:\/\/kalisce.com\/blog\/wp-json\/wp\/v2\/tags?post=1558"}],"curies":[{"name":"wp","href":"https:\/\/api.w.org\/{rel}","templated":true}]}}