{"id":1574,"date":"2010-10-18T11:48:05","date_gmt":"2010-10-18T10:48:05","guid":{"rendered":"http:\/\/kalisce.com\/blog\/?p=1574"},"modified":"2010-10-19T13:56:11","modified_gmt":"2010-10-19T12:56:11","slug":"prvi-jesenski-sneg","status":"publish","type":"post","link":"https:\/\/kalisce.com\/blog\/2010\/10\/18\/prvi-jesenski-sneg\/","title":{"rendered":"Prvi jesenski sneg"},"content":{"rendered":"<div id=\"attachment_1575\" style=\"width: 360px\" class=\"wp-caption alignleft\"><a href=\"http:\/\/picasaweb.google.si\/116369390336197795938\/Kalisce17102010PrviSneg#\"><img loading=\"lazy\" decoding=\"async\" aria-describedby=\"caption-attachment-1575\" class=\"size-full wp-image-1575 \" title=\"Zasne\u017eena terasa, 17. oktober 2010\" src=\"https:\/\/kalisce.com\/blog\/wp-content\/uploads\/2010\/10\/IMG_1639.jpg\" alt=\"Zasne\u017eena terasa, 17. oktober 2010\" width=\"350\" height=\"263\" srcset=\"https:\/\/kalisce.com\/blog\/wp-content\/uploads\/2010\/10\/IMG_1639.jpg 350w, https:\/\/kalisce.com\/blog\/wp-content\/uploads\/2010\/10\/IMG_1639-150x112.jpg 150w, https:\/\/kalisce.com\/blog\/wp-content\/uploads\/2010\/10\/IMG_1639-300x225.jpg 300w\" sizes=\"(max-width: 350px) 100vw, 350px\" \/><\/a><p id=\"caption-attachment-1575\" class=\"wp-caption-text\">Zasne\u017eena terasa<\/p><\/div>\n<p>V nedeljo, 17. oktobra 2010, smo dobili prvo po\u0161iljko snega v tej sezoni \ud83d\ude42 . Lani nas je sneg presenetil <strong><a href=\"https:\/\/kalisce.com\/blog\/2009\/11\/09\/prvi-sneg\/\">prvi teden v novembru<\/a>, <\/strong>kljub temu pa so se <strong><a href=\"https:\/\/kalisce.com\/blog\/2009\/11\/23\/vikend-rekordov\/\">\u010dez tri tedne<\/a><\/strong> nekateri son\u010dili na terasi.<\/p>\n<p>V <strong><a href=\"http:\/\/picasaweb.google.si\/116369390336197795938\/Kalisce17102010PrviSneg#\">galeriji <\/a><\/strong>so tudi <strong>Janezove <\/strong>slike s sobotnega pohoda preko Srednjega vrha.<\/p>\n<p>Prvi jesenski sne\u017eeni mo\u017e ima klobuk &#8211; zaradi dalj\u0161e \u017eivljenske dobe \ud83d\ude00 .<\/p>\n<p>Imamo \u017ee <strong>174<\/strong> \u010dlanov kluba KLJUKA, med njimi je kar <strong>28<\/strong> novih \u2757<\/p>\n<p><strong>Ena dobra:<\/strong><br \/>\nNajstnik vpra\u0161a babico: &#8220;Si videla kje moje tablete, LSD pi\u0161e na njih?&#8221;<br \/>\nBabica: &#8220;Jebe\u0161 tablete; si ti videl zmaje v kuhinji?!&#8221;<\/p>\n<p><strong><a href=\"http:\/\/picasaweb.google.si\/116369390336197795938\/Kalisce17102010PrviSneg#\">Galerija<\/a><\/strong><\/p>\n<p><strong><strong><strong><a style=\"color: #a0bc00; text-decoration: none;\" href=\"https:\/\/kalisce.com\/blog\/vpisi\/2010\/171010.pdf\">KLJUKA \u2013 vpisi do 17. oktobra 2010<\/a><\/strong><\/strong><\/strong><\/p>\n<p><strong><a href=\"https:\/\/kalisce.com\/blog\/preddvor-kalisce\/\">2. tek na Kali\u0161\u010de &#8211; razpis<\/a><\/strong><\/p>\n","protected":false},"excerpt":{"rendered":"<p>V nedeljo, 17. oktobra 2010, smo dobili prvo po\u0161iljko snega v tej sezoni \ud83d\ude42 . Lani nas je sneg presenetil prvi teden v novembru, kljub temu pa so se \u010dez tri tedne nekateri son\u010dili na terasi. V galeriji so tudi Janezove slike s sobotnega pohoda preko Srednjega vrha. Prvi jesenski sne\u017eeni mo\u017e ima klobuk &#8211; [&hellip;]<\/p>\n","protected":false},"author":2,"featured_media":0,"comment_status":"open","ping_status":"open","sticky":false,"template":"","format":"standard","meta":{"footnotes":""},"categories":[9,8],"tags":[],"_links":{"self":[{"href":"https:\/\/kalisce.com\/blog\/wp-json\/wp\/v2\/posts\/1574"}],"collection":[{"href":"https:\/\/kalisce.com\/blog\/wp-json\/wp\/v2\/posts"}],"about":[{"href":"https:\/\/kalisce.com\/blog\/wp-json\/wp\/v2\/types\/post"}],"author":[{"embeddable":true,"href":"https:\/\/kalisce.com\/blog\/wp-json\/wp\/v2\/users\/2"}],"replies":[{"embeddable":true,"href":"https:\/\/kalisce.com\/blog\/wp-json\/wp\/v2\/comments?post=1574"}],"version-history":[{"count":6,"href":"https:\/\/kalisce.com\/blog\/wp-json\/wp\/v2\/posts\/1574\/revisions"}],"predecessor-version":[{"id":1577,"href":"https:\/\/kalisce.com\/blog\/wp-json\/wp\/v2\/posts\/1574\/revisions\/1577"}],"wp:attachment":[{"href":"https:\/\/kalisce.com\/blog\/wp-json\/wp\/v2\/media?parent=1574"}],"wp:term":[{"taxonomy":"category","embeddable":true,"href":"https:\/\/kalisce.com\/blog\/wp-json\/wp\/v2\/categories?post=1574"},{"taxonomy":"post_tag","embeddable":true,"href":"https:\/\/kalisce.com\/blog\/wp-json\/wp\/v2\/tags?post=1574"}],"curies":[{"name":"wp","href":"https:\/\/api.w.org\/{rel}","templated":true}]}}