{"id":1585,"date":"2010-10-25T12:11:20","date_gmt":"2010-10-25T11:11:20","guid":{"rendered":"http:\/\/kalisce.com\/blog\/?p=1585"},"modified":"2010-10-25T15:10:56","modified_gmt":"2010-10-25T14:10:56","slug":"barve-jeseni","status":"publish","type":"post","link":"https:\/\/kalisce.com\/blog\/2010\/10\/25\/barve-jeseni\/","title":{"rendered":"Barve jeseni"},"content":{"rendered":"<div id=\"attachment_1586\" style=\"width: 360px\" class=\"wp-caption alignleft\"><a href=\"http:\/\/picasaweb.google.si\/116369390336197795938\/Kalisce24102010#\"><img loading=\"lazy\" decoding=\"async\" aria-describedby=\"caption-attachment-1586\" class=\"size-full wp-image-1586\" title=\"Kavka na Stor\u017ei\u010du\" src=\"https:\/\/kalisce.com\/blog\/wp-content\/uploads\/2010\/10\/DSC04592.jpg\" alt=\"Kavka na Stor\u017ei\u010du\" width=\"350\" height=\"250\" srcset=\"https:\/\/kalisce.com\/blog\/wp-content\/uploads\/2010\/10\/DSC04592.jpg 350w, https:\/\/kalisce.com\/blog\/wp-content\/uploads\/2010\/10\/DSC04592-150x107.jpg 150w, https:\/\/kalisce.com\/blog\/wp-content\/uploads\/2010\/10\/DSC04592-300x214.jpg 300w\" sizes=\"(max-width: 350px) 100vw, 350px\" \/><\/a><p id=\"caption-attachment-1586\" class=\"wp-caption-text\">Kavka na Stor\u017ei\u010du<\/p><\/div>\n<p>Jesen dela sto na uro! Prvi sneg je hitro pobralo (danes sicer pri\u010dakujemo naslednjo po\u0161iljko), z dreves je odneslo \u017ee skoraj vse listje, barve v gozdovih pod Stor\u017ei\u010dem pa so prav neverjetne \ud83d\ude42 .<\/p>\n<p>Hvala <strong>Janezu<\/strong>, ki<strong> <\/strong>je na vrhu Stor\u017ei\u010da posnel kavke pri zajtrku ob son\u010dnem vzhodu. Hvala tudi <strong>Uro\u0161u<\/strong>, ki je z asistentko opravil nujna vzdr\u017eevalna dela na \u010distilcu \u010devljev \u2757<\/p>\n<p>V soboto je bila dejavna tudi polna luna &#8211; preverjeno.<\/p>\n<p>Ker bo v ponedeljek praznik, bo ko\u010da odprta tri dni. \u00a0Vabljeni tudi teka\u010di, ki ste do sedaj vneto trenirali za Ljubljanski maraton in se zato izogibali strminam pod Kali\u0161\u010dem.<\/p>\n<p><strong>Tone <\/strong>je prvi prijavljeni za novoletni tek na Kali\u0161\u010de &#8211; <strong><a href=\"https:\/\/kalisce.com\/blog\/preddvor-kalisce\/\">razpis<\/a><\/strong>.<\/p>\n<p><strong><a href=\"http:\/\/picasaweb.google.si\/116369390336197795938\/Kalisce24102010#\">Galerija<\/a><\/strong><\/p>\n<p><strong><strong><strong><strong><a style=\"color: #a0bc00; text-decoration: none;\" href=\"https:\/\/kalisce.com\/blog\/vpisi\/2010\/241010.pdf\">KLJUKA \u2013 vpisi do 24. oktobra 2010<\/a><\/strong><\/strong><\/strong><\/strong><\/p>\n","protected":false},"excerpt":{"rendered":"<p>Jesen dela sto na uro! Prvi sneg je hitro pobralo (danes sicer pri\u010dakujemo naslednjo po\u0161iljko), z dreves je odneslo \u017ee skoraj vse listje, barve v gozdovih pod Stor\u017ei\u010dem pa so prav neverjetne \ud83d\ude42 . Hvala Janezu, ki je na vrhu Stor\u017ei\u010da posnel kavke pri zajtrku ob son\u010dnem vzhodu. Hvala tudi Uro\u0161u, ki je z asistentko [&hellip;]<\/p>\n","protected":false},"author":2,"featured_media":0,"comment_status":"open","ping_status":"open","sticky":false,"template":"","format":"standard","meta":{"footnotes":""},"categories":[9,8],"tags":[],"_links":{"self":[{"href":"https:\/\/kalisce.com\/blog\/wp-json\/wp\/v2\/posts\/1585"}],"collection":[{"href":"https:\/\/kalisce.com\/blog\/wp-json\/wp\/v2\/posts"}],"about":[{"href":"https:\/\/kalisce.com\/blog\/wp-json\/wp\/v2\/types\/post"}],"author":[{"embeddable":true,"href":"https:\/\/kalisce.com\/blog\/wp-json\/wp\/v2\/users\/2"}],"replies":[{"embeddable":true,"href":"https:\/\/kalisce.com\/blog\/wp-json\/wp\/v2\/comments?post=1585"}],"version-history":[{"count":9,"href":"https:\/\/kalisce.com\/blog\/wp-json\/wp\/v2\/posts\/1585\/revisions"}],"predecessor-version":[{"id":1588,"href":"https:\/\/kalisce.com\/blog\/wp-json\/wp\/v2\/posts\/1585\/revisions\/1588"}],"wp:attachment":[{"href":"https:\/\/kalisce.com\/blog\/wp-json\/wp\/v2\/media?parent=1585"}],"wp:term":[{"taxonomy":"category","embeddable":true,"href":"https:\/\/kalisce.com\/blog\/wp-json\/wp\/v2\/categories?post=1585"},{"taxonomy":"post_tag","embeddable":true,"href":"https:\/\/kalisce.com\/blog\/wp-json\/wp\/v2\/tags?post=1585"}],"curies":[{"name":"wp","href":"https:\/\/api.w.org\/{rel}","templated":true}]}}