{"id":1597,"date":"2010-11-01T20:58:37","date_gmt":"2010-11-01T19:58:37","guid":{"rendered":"http:\/\/kalisce.com\/blog\/?p=1597"},"modified":"2010-11-02T15:22:38","modified_gmt":"2010-11-02T14:22:38","slug":"podaljsan-vikend-spomin-na-umrle","status":"publish","type":"post","link":"https:\/\/kalisce.com\/blog\/2010\/11\/01\/podaljsan-vikend-spomin-na-umrle\/","title":{"rendered":"Podalj\u0161an vikend &#8211; spomin na umrle"},"content":{"rendered":"<div id=\"attachment_1598\" style=\"width: 360px\" class=\"wp-caption alignleft\"><a href=\"http:\/\/picasaweb.google.com\/116369390336197795938\/Kalisce1112010#\"><img loading=\"lazy\" decoding=\"async\" aria-describedby=\"caption-attachment-1598\" class=\"size-full wp-image-1598\" title=\"Son\u010dni zahod s terase\" src=\"https:\/\/kalisce.com\/blog\/wp-content\/uploads\/2010\/11\/IMG_1816.jpg\" alt=\"Son\u010dni zahod s terase\" width=\"350\" height=\"263\" srcset=\"https:\/\/kalisce.com\/blog\/wp-content\/uploads\/2010\/11\/IMG_1816.jpg 350w, https:\/\/kalisce.com\/blog\/wp-content\/uploads\/2010\/11\/IMG_1816-150x112.jpg 150w, https:\/\/kalisce.com\/blog\/wp-content\/uploads\/2010\/11\/IMG_1816-300x225.jpg 300w\" sizes=\"(max-width: 350px) 100vw, 350px\" \/><\/a><p id=\"caption-attachment-1598\" class=\"wp-caption-text\">Son\u010dni zahod s terase<\/p><\/div>\n<p>Zaradi dneva spomina na mrtve smo imeli nekoliko podalj\u0161an vikend. Lepo sobotno vreme je privabilo v hribe mno\u017eico izletnikov, ki so u\u017eivali v jesenskem soncu. Nedelja in ponedeljek sta bila \u017eal siva in de\u017eevna.<\/p>\n<p>Ob tem \u017ealostnem prazniku je prav, da se spomnimo vseh na\u0161ih preminulih hribovskih prijateljev, med njimi tudi\u00a0<strong><a href=\"https:\/\/kalisce.com\/blog\/2009\/11\/14\/v-spomin-na-tomaza\/\">Toma\u017ea Humarja<\/a><\/strong>, saj bo \u010dez nekaj dni minilo \u017ee eno leto, odkar je za vedno ostal v Himalaji.<\/p>\n<p>Mo\u010dna otoplitev je hitro pobrala sneg, ki je padel pred nekaj dnevi. \u0160e v \u010detrtek je bil Stor\u017ei\u010d lepo zasne\u017een.<\/p>\n<p>Na stopnicah pred ko\u010do so si med napornim treningom za trenutek oddahnili na\u0161i najbolj\u0161i gorski teka\u010di.<\/p>\n<p>Drugo polovico <strong><a href=\"http:\/\/picasaweb.google.si\/116369390336197795938\/Kalisce1112010#\">galerije <\/a><\/strong>je prispeval na\u0161 stalni dopisnik <strong>Janez<\/strong>.<\/p>\n<p>Po prvem mesecu vpisovanja imamo \u017ee 215 KLJUK, od tega 38 novih \u2757<\/p>\n<p><strong><a href=\"http:\/\/picasaweb.google.com\/116369390336197795938\/Kalisce1112010#\">1. galerija &#8211; Kali\u0161\u010de<\/a><\/strong><\/p>\n<p><strong><a href=\"http:\/\/picasaweb.google.com\/116369390336197795938\/Storzic28102010#\">2. galerija &#8211; Stor\u017ei\u010d<\/a> &#8211; 28.10.2010<\/strong><\/p>\n<p><strong><strong><strong><strong><strong><a style=\"color: #a0bc00; text-decoration: none;\" href=\"https:\/\/kalisce.com\/blog\/vpisi\/2010\/011110.pdf\">KLJUKA \u2013 vpisi do 1. novembra 2010<\/a><\/strong><\/strong><\/strong><\/strong><\/strong><\/p>\n","protected":false},"excerpt":{"rendered":"<p>Zaradi dneva spomina na mrtve smo imeli nekoliko podalj\u0161an vikend. Lepo sobotno vreme je privabilo v hribe mno\u017eico izletnikov, ki so u\u017eivali v jesenskem soncu. Nedelja in ponedeljek sta bila \u017eal siva in de\u017eevna. Ob tem \u017ealostnem prazniku je prav, da se spomnimo vseh na\u0161ih preminulih hribovskih prijateljev, med njimi tudi\u00a0Toma\u017ea Humarja, saj bo \u010dez [&hellip;]<\/p>\n","protected":false},"author":2,"featured_media":0,"comment_status":"open","ping_status":"open","sticky":false,"template":"","format":"standard","meta":{"footnotes":""},"categories":[9,8],"tags":[],"_links":{"self":[{"href":"https:\/\/kalisce.com\/blog\/wp-json\/wp\/v2\/posts\/1597"}],"collection":[{"href":"https:\/\/kalisce.com\/blog\/wp-json\/wp\/v2\/posts"}],"about":[{"href":"https:\/\/kalisce.com\/blog\/wp-json\/wp\/v2\/types\/post"}],"author":[{"embeddable":true,"href":"https:\/\/kalisce.com\/blog\/wp-json\/wp\/v2\/users\/2"}],"replies":[{"embeddable":true,"href":"https:\/\/kalisce.com\/blog\/wp-json\/wp\/v2\/comments?post=1597"}],"version-history":[{"count":7,"href":"https:\/\/kalisce.com\/blog\/wp-json\/wp\/v2\/posts\/1597\/revisions"}],"predecessor-version":[{"id":1600,"href":"https:\/\/kalisce.com\/blog\/wp-json\/wp\/v2\/posts\/1597\/revisions\/1600"}],"wp:attachment":[{"href":"https:\/\/kalisce.com\/blog\/wp-json\/wp\/v2\/media?parent=1597"}],"wp:term":[{"taxonomy":"category","embeddable":true,"href":"https:\/\/kalisce.com\/blog\/wp-json\/wp\/v2\/categories?post=1597"},{"taxonomy":"post_tag","embeddable":true,"href":"https:\/\/kalisce.com\/blog\/wp-json\/wp\/v2\/tags?post=1597"}],"curies":[{"name":"wp","href":"https:\/\/api.w.org\/{rel}","templated":true}]}}