{"id":1607,"date":"2010-11-08T08:32:37","date_gmt":"2010-11-08T07:32:37","guid":{"rendered":"http:\/\/kalisce.com\/blog\/?p=1607"},"modified":"2010-11-08T15:19:37","modified_gmt":"2010-11-08T14:19:37","slug":"martinovo-prvic","status":"publish","type":"post","link":"https:\/\/kalisce.com\/blog\/2010\/11\/08\/martinovo-prvic\/","title":{"rendered":"Martinovo &#8211; prvi\u010d"},"content":{"rendered":"<div id=\"attachment_1608\" style=\"width: 360px\" class=\"wp-caption alignleft\"><a href=\"http:\/\/picasaweb.google.com\/116369390336197795938\/Kalisce7112010#\"><img loading=\"lazy\" decoding=\"async\" aria-describedby=\"caption-attachment-1608\" class=\"size-full wp-image-1608 \" title=\"Sobota zjutraj\" src=\"https:\/\/kalisce.com\/blog\/wp-content\/uploads\/2010\/11\/IMG_1857.jpg\" alt=\"Sobota zjutraj\" width=\"350\" height=\"234\" srcset=\"https:\/\/kalisce.com\/blog\/wp-content\/uploads\/2010\/11\/IMG_1857.jpg 350w, https:\/\/kalisce.com\/blog\/wp-content\/uploads\/2010\/11\/IMG_1857-150x100.jpg 150w, https:\/\/kalisce.com\/blog\/wp-content\/uploads\/2010\/11\/IMG_1857-300x200.jpg 300w\" sizes=\"(max-width: 350px) 100vw, 350px\" \/><\/a><p id=\"caption-attachment-1608\" class=\"wp-caption-text\">Sobota zjutraj<\/p><\/div>\n<p>Leto\u0161nje vreme se je glede na lansko nekoliko prestavilo &#8211; lani smo imeli veliko de\u017eevnih petkov, sledilo pa jim je lep\u0161e vreme preko vikenda. Letos so petki lepi, \u0161e veliko lep\u0161e so sobote, nedelje pa so de\u017eevne &#8211; glej <strong><a href=\"http:\/\/picasaweb.google.com\/116369390336197795938\/Kalisce7112010#\">galerijo <\/a><\/strong>\ud83d\ude42<\/p>\n<p><strong>Kranjski alpinisti <\/strong>so imeli v skalah pod ko\u010do izpite in te\u010daje. Nedeljski te\u010daj za mlade plezalce je slabo vreme \u017eal nekoliko pokvarilo.<\/p>\n<p>V nedeljo zjutraj je ob zvokih <strong>Andrejeve <\/strong>harmonike praznovala rojstni dan <strong>Martinka<\/strong>, \u010dlanica poletne ekipe na Kredarici &#8211; vse najbolj\u0161e \u2757<\/p>\n<p>Drugi del galerije je prispeval \u00a0<strong>Janez <\/strong>&#8211; sve\u017ee s Kredarice, de\u017eevna nedelja na Stor\u017ei\u010du in plezalci v skali pod ko\u010do &#8211; hvala!<\/p>\n<p><strong><a href=\"http:\/\/picasaweb.google.com\/116369390336197795938\/Kalisce7112010#\">Galerija<\/a><\/strong><\/p>\n<p><strong><strong><strong><strong><strong><strong><a style=\"color: #a0bc00; text-decoration: none;\" href=\"https:\/\/kalisce.com\/blog\/vpisi\/2010\/071110.pdf\">KLJUKA \u2013 vpisi do 7. novembra 2010<\/a><\/strong><\/strong><\/strong><\/strong><\/strong><\/strong><\/p>\n","protected":false},"excerpt":{"rendered":"<p>Leto\u0161nje vreme se je glede na lansko nekoliko prestavilo &#8211; lani smo imeli veliko de\u017eevnih petkov, sledilo pa jim je lep\u0161e vreme preko vikenda. Letos so petki lepi, \u0161e veliko lep\u0161e so sobote, nedelje pa so de\u017eevne &#8211; glej galerijo \ud83d\ude42 Kranjski alpinisti so imeli v skalah pod ko\u010do izpite in te\u010daje. Nedeljski te\u010daj za [&hellip;]<\/p>\n","protected":false},"author":2,"featured_media":0,"comment_status":"open","ping_status":"open","sticky":false,"template":"","format":"standard","meta":{"footnotes":""},"categories":[9,8],"tags":[],"_links":{"self":[{"href":"https:\/\/kalisce.com\/blog\/wp-json\/wp\/v2\/posts\/1607"}],"collection":[{"href":"https:\/\/kalisce.com\/blog\/wp-json\/wp\/v2\/posts"}],"about":[{"href":"https:\/\/kalisce.com\/blog\/wp-json\/wp\/v2\/types\/post"}],"author":[{"embeddable":true,"href":"https:\/\/kalisce.com\/blog\/wp-json\/wp\/v2\/users\/2"}],"replies":[{"embeddable":true,"href":"https:\/\/kalisce.com\/blog\/wp-json\/wp\/v2\/comments?post=1607"}],"version-history":[{"count":5,"href":"https:\/\/kalisce.com\/blog\/wp-json\/wp\/v2\/posts\/1607\/revisions"}],"predecessor-version":[{"id":1610,"href":"https:\/\/kalisce.com\/blog\/wp-json\/wp\/v2\/posts\/1607\/revisions\/1610"}],"wp:attachment":[{"href":"https:\/\/kalisce.com\/blog\/wp-json\/wp\/v2\/media?parent=1607"}],"wp:term":[{"taxonomy":"category","embeddable":true,"href":"https:\/\/kalisce.com\/blog\/wp-json\/wp\/v2\/categories?post=1607"},{"taxonomy":"post_tag","embeddable":true,"href":"https:\/\/kalisce.com\/blog\/wp-json\/wp\/v2\/tags?post=1607"}],"curies":[{"name":"wp","href":"https:\/\/api.w.org\/{rel}","templated":true}]}}