{"id":1624,"date":"2010-11-22T08:44:25","date_gmt":"2010-11-22T07:44:25","guid":{"rendered":"http:\/\/kalisce.com\/blog\/?p=1624"},"modified":"2010-11-22T13:04:06","modified_gmt":"2010-11-22T12:04:06","slug":"zadnji-novemberski-dez","status":"publish","type":"post","link":"https:\/\/kalisce.com\/blog\/2010\/11\/22\/zadnji-novemberski-dez\/","title":{"rendered":"Zadnji novemberski de\u017e"},"content":{"rendered":"<div id=\"attachment_1625\" style=\"width: 360px\" class=\"wp-caption alignleft\"><a href=\"http:\/\/picasaweb.google.com\/116369390336197795938\/Kalisce21112010#\"><img loading=\"lazy\" decoding=\"async\" aria-describedby=\"caption-attachment-1625\" class=\"size-full wp-image-1625\" title=\"Zima na Kali\u0161\u010du\" src=\"https:\/\/kalisce.com\/blog\/wp-content\/uploads\/2010\/11\/IMG_1975.jpg\" alt=\"Zima na Kali\u0161\u010du\" width=\"350\" height=\"263\" srcset=\"https:\/\/kalisce.com\/blog\/wp-content\/uploads\/2010\/11\/IMG_1975.jpg 350w, https:\/\/kalisce.com\/blog\/wp-content\/uploads\/2010\/11\/IMG_1975-150x112.jpg 150w, https:\/\/kalisce.com\/blog\/wp-content\/uploads\/2010\/11\/IMG_1975-300x225.jpg 300w\" sizes=\"(max-width: 350px) 100vw, 350px\" \/><\/a><p id=\"caption-attachment-1625\" class=\"wp-caption-text\">Zima na Kali\u0161\u010du<\/p><\/div>\n<p>Menda nas je minuli vikend zadnji\u010d v novembru pral de\u017e, saj med tednom prihaja ohladitev s snegom &#8211; naslednji konec tedna prekontrolirajte prtljago (rokavice, kapa, dereze).<\/p>\n<p>Ekipa levo na sliki je praznovala obletnico veselice, ki je bila na terasi to\u010dno <a href=\"https:\/\/kalisce.com\/blog\/2009\/11\/23\/vikend-rekordov\/\">pred enim letom<\/a> &#8211; vreme je bilo letos malo slab\u0161e \ud83d\ude41 .<\/p>\n<p>Zaradi poplav na Stor\u017ei\u010du\u00a0<strong>Janez <\/strong>tokrat ni \u0161el na vrh, ampak je Kali\u0161\u010de osvojil preko <strong>Lovrenca<\/strong>, kjer se je okrep\u010dal s sve\u017eimi krofi (na nas je pozabil). Pri povratku v dolino se je spla\u010dalo \u010devlje o\u010distiti v potoku. \u010ce \u017ee zamudite na kosilo ali k ma\u0161i, ste vsaj pohvaljeni za \u010disto\u010do \ud83d\ude42 \u00a0(drugi del galerije).<\/p>\n<p><strong><a href=\"http:\/\/picasaweb.google.com\/116369390336197795938\/Kalisce21112010#\">Galerija<\/a><\/strong><\/p>\n<p><strong><strong><strong><strong><strong><strong><strong><strong><a style=\"color: #a0bc00; text-decoration: none;\" href=\"https:\/\/kalisce.com\/blog\/vpisi\/2010\/211110.pdf\">KLJUKA \u2013 vpisi do 21. novembra 2010<\/a><\/strong><\/strong><\/strong><\/strong><\/strong><\/strong><\/strong><\/strong><\/p>\n<p><strong>Statistika:<\/strong><br \/>\n&#8211; v knjigo se vpisuje <strong>362 <\/strong>planincev, povpre\u010dno <strong>156 <\/strong>na dan<br \/>\n<strong>&#8211; <\/strong>\u010dlanarino je pla\u010dalo \u017ee <strong>255 <\/strong>KLJUK, med njimi\u00a0<strong>45 <\/strong>novih<\/p>\n","protected":false},"excerpt":{"rendered":"<p>Menda nas je minuli vikend zadnji\u010d v novembru pral de\u017e, saj med tednom prihaja ohladitev s snegom &#8211; naslednji konec tedna prekontrolirajte prtljago (rokavice, kapa, dereze). Ekipa levo na sliki je praznovala obletnico veselice, ki je bila na terasi to\u010dno pred enim letom &#8211; vreme je bilo letos malo slab\u0161e \ud83d\ude41 . Zaradi poplav na [&hellip;]<\/p>\n","protected":false},"author":2,"featured_media":0,"comment_status":"open","ping_status":"open","sticky":false,"template":"","format":"standard","meta":{"footnotes":""},"categories":[9,8],"tags":[],"_links":{"self":[{"href":"https:\/\/kalisce.com\/blog\/wp-json\/wp\/v2\/posts\/1624"}],"collection":[{"href":"https:\/\/kalisce.com\/blog\/wp-json\/wp\/v2\/posts"}],"about":[{"href":"https:\/\/kalisce.com\/blog\/wp-json\/wp\/v2\/types\/post"}],"author":[{"embeddable":true,"href":"https:\/\/kalisce.com\/blog\/wp-json\/wp\/v2\/users\/2"}],"replies":[{"embeddable":true,"href":"https:\/\/kalisce.com\/blog\/wp-json\/wp\/v2\/comments?post=1624"}],"version-history":[{"count":10,"href":"https:\/\/kalisce.com\/blog\/wp-json\/wp\/v2\/posts\/1624\/revisions"}],"predecessor-version":[{"id":1628,"href":"https:\/\/kalisce.com\/blog\/wp-json\/wp\/v2\/posts\/1624\/revisions\/1628"}],"wp:attachment":[{"href":"https:\/\/kalisce.com\/blog\/wp-json\/wp\/v2\/media?parent=1624"}],"wp:term":[{"taxonomy":"category","embeddable":true,"href":"https:\/\/kalisce.com\/blog\/wp-json\/wp\/v2\/categories?post=1624"},{"taxonomy":"post_tag","embeddable":true,"href":"https:\/\/kalisce.com\/blog\/wp-json\/wp\/v2\/tags?post=1624"}],"curies":[{"name":"wp","href":"https:\/\/api.w.org\/{rel}","templated":true}]}}