{"id":1641,"date":"2010-11-29T09:07:58","date_gmt":"2010-11-29T08:07:58","guid":{"rendered":"http:\/\/kalisce.com\/blog\/?p=1641"},"modified":"2010-11-29T14:16:22","modified_gmt":"2010-11-29T13:16:22","slug":"sneg","status":"publish","type":"post","link":"https:\/\/kalisce.com\/blog\/2010\/11\/29\/sneg\/","title":{"rendered":"Sneg!"},"content":{"rendered":"<div id=\"attachment_1642\" style=\"width: 360px\" class=\"wp-caption alignleft\"><a href=\"http:\/\/picasaweb.google.com\/116369390336197795938\/Kalisce28112010#\"><img loading=\"lazy\" decoding=\"async\" aria-describedby=\"caption-attachment-1642\" class=\"size-full wp-image-1642\" title=\"Adventni ven\u010dek\" src=\"https:\/\/kalisce.com\/blog\/wp-content\/uploads\/2010\/11\/IMG_2096.jpg\" alt=\"Adventni ven\u010dek\" width=\"350\" height=\"280\" srcset=\"https:\/\/kalisce.com\/blog\/wp-content\/uploads\/2010\/11\/IMG_2096.jpg 350w, https:\/\/kalisce.com\/blog\/wp-content\/uploads\/2010\/11\/IMG_2096-150x120.jpg 150w, https:\/\/kalisce.com\/blog\/wp-content\/uploads\/2010\/11\/IMG_2096-300x240.jpg 300w\" sizes=\"(max-width: 350px) 100vw, 350px\" \/><\/a><p id=\"caption-attachment-1642\" class=\"wp-caption-text\">Adventni ven\u010dek<\/p><\/div>\n<p>Prvi <strong>Adventni <\/strong>vikend je zabelil \u0161e sneg. Petkov vzpon na Kali\u0161\u010de je bil \u017ee &#8220;zelo zimski&#8221;, nedeljski spust v dolino pa zelo adrenalinski \u2757 Na zglajeno podlago je padlo od 10 do 15 cm pr\u0161i\u010da, tako da je bila vsaka stopinja loterija &#8211; padce sva kmalu prenehala \u0161teti \ud83d\ude42<\/p>\n<p>V soboto smo po dalj\u0161em \u010dasu imeli v hribih celo sonce, ki nam je prispevalo prepotrebno elektriko.<\/p>\n<p>Najlep\u0161e se zahvaljujem <strong>Ivanu <\/strong>in <strong>Branetu<\/strong>, ki sta mi med tednom pomagala pospraviti drva, katere je <strong>Janez<\/strong> po\u0161iljal iz doline! <strong>HVALA<\/strong>!<\/p>\n<p>Zadnjih nekaj fotk je spet prispeval zunanji sodelavec Janez.<\/p>\n<p><strong><a href=\"http:\/\/picasaweb.google.com\/116369390336197795938\/Kalisce28112010#\">Galerija<\/a><\/strong><\/p>\n<p><strong><strong><strong><strong><strong><strong><strong><strong><strong><a style=\"color: #a0bc00; text-decoration: none;\" href=\"https:\/\/kalisce.com\/blog\/vpisi\/2010\/281110.pdf\">KLJUKA \u2013 vpisi do 28. novembra 2010<\/a><\/strong><\/strong><\/strong><\/strong><\/strong><\/strong><\/strong><\/strong><\/strong><\/p>\n","protected":false},"excerpt":{"rendered":"<p>Prvi Adventni vikend je zabelil \u0161e sneg. Petkov vzpon na Kali\u0161\u010de je bil \u017ee &#8220;zelo zimski&#8221;, nedeljski spust v dolino pa zelo adrenalinski \u2757 Na zglajeno podlago je padlo od 10 do 15 cm pr\u0161i\u010da, tako da je bila vsaka stopinja loterija &#8211; padce sva kmalu prenehala \u0161teti \ud83d\ude42 V soboto smo po dalj\u0161em \u010dasu [&hellip;]<\/p>\n","protected":false},"author":2,"featured_media":0,"comment_status":"open","ping_status":"open","sticky":false,"template":"","format":"standard","meta":{"footnotes":""},"categories":[9,8],"tags":[],"_links":{"self":[{"href":"https:\/\/kalisce.com\/blog\/wp-json\/wp\/v2\/posts\/1641"}],"collection":[{"href":"https:\/\/kalisce.com\/blog\/wp-json\/wp\/v2\/posts"}],"about":[{"href":"https:\/\/kalisce.com\/blog\/wp-json\/wp\/v2\/types\/post"}],"author":[{"embeddable":true,"href":"https:\/\/kalisce.com\/blog\/wp-json\/wp\/v2\/users\/2"}],"replies":[{"embeddable":true,"href":"https:\/\/kalisce.com\/blog\/wp-json\/wp\/v2\/comments?post=1641"}],"version-history":[{"count":4,"href":"https:\/\/kalisce.com\/blog\/wp-json\/wp\/v2\/posts\/1641\/revisions"}],"predecessor-version":[{"id":1644,"href":"https:\/\/kalisce.com\/blog\/wp-json\/wp\/v2\/posts\/1641\/revisions\/1644"}],"wp:attachment":[{"href":"https:\/\/kalisce.com\/blog\/wp-json\/wp\/v2\/media?parent=1641"}],"wp:term":[{"taxonomy":"category","embeddable":true,"href":"https:\/\/kalisce.com\/blog\/wp-json\/wp\/v2\/categories?post=1641"},{"taxonomy":"post_tag","embeddable":true,"href":"https:\/\/kalisce.com\/blog\/wp-json\/wp\/v2\/tags?post=1641"}],"curies":[{"name":"wp","href":"https:\/\/api.w.org\/{rel}","templated":true}]}}