{"id":1736,"date":"2011-01-09T21:40:35","date_gmt":"2011-01-09T20:40:35","guid":{"rendered":"http:\/\/kalisce.com\/blog\/?p=1736"},"modified":"2011-01-10T15:23:03","modified_gmt":"2011-01-10T14:23:03","slug":"veter-z-juga","status":"publish","type":"post","link":"https:\/\/kalisce.com\/blog\/2011\/01\/09\/veter-z-juga\/","title":{"rendered":"Veter z juga &#8230;."},"content":{"rendered":"<div id=\"attachment_1737\" style=\"width: 360px\" class=\"wp-caption alignleft\"><a href=\"http:\/\/picasaweb.google.com\/rekar.marjan\/Kalisce912011#\"><img loading=\"lazy\" decoding=\"async\" aria-describedby=\"caption-attachment-1737\" class=\"size-full wp-image-1737 \" title=\"Razgledna to\u010dka :???:\" src=\"https:\/\/kalisce.com\/blog\/wp-content\/uploads\/2011\/01\/IMG_2801.jpg\" alt=\"Razgledna to\u010dka :???:\" width=\"350\" height=\"263\" srcset=\"https:\/\/kalisce.com\/blog\/wp-content\/uploads\/2011\/01\/IMG_2801.jpg 350w, https:\/\/kalisce.com\/blog\/wp-content\/uploads\/2011\/01\/IMG_2801-150x112.jpg 150w, https:\/\/kalisce.com\/blog\/wp-content\/uploads\/2011\/01\/IMG_2801-300x225.jpg 300w\" sizes=\"(max-width: 350px) 100vw, 350px\" \/><\/a><p id=\"caption-attachment-1737\" class=\"wp-caption-text\">Razgledna to\u010dka \ud83d\ude15<\/p><\/div>\n<p>Otoplitev nam je pobrala \u0161e zadnji sneg, tako da imamo v vrhnjem delu na stezi veliko ledu, spodaj pa \u0161e ve\u010d blata \ud83d\ude25 .<\/p>\n<p>Dereze so \u0161e vedno obvezna oprema \u2757 .<\/p>\n<p>Statistika za KLJUKE na polovici sezone:<br \/>\nV knjigo se vpisuje <strong>408 <\/strong>planincev, imamo <strong>304 <\/strong>registrirane \u010dlane, od tega je letos novih kar <strong>53<\/strong>, na dan se vpi\u0161e povpre\u010dno <strong>150 <\/strong>ljudi, do sedaj vremena in pogojev na poti ne moremo pohvaliti \ud83d\ude1b .<\/p>\n<p>Kdor \u0161e ni dobil majice, naj se mi oglasi!<\/p>\n<p><strong><a href=\"http:\/\/picasaweb.google.com\/rekar.marjan\/Kalisce912011#\">Galerija <\/a><\/strong>je tokrat bolj \u017ealostna.<\/p>\n<p><strong><strong><strong><strong><strong><strong><strong><strong><strong><strong><strong><strong><strong><strong><a href=\"https:\/\/kalisce.com\/blog\/vpisi\/2010\/090111.pdf\">KLJUKA \u2013 vpisi do 9. januarja 2011<\/a><\/strong><\/strong><\/strong><\/strong><\/strong><\/strong><\/strong><\/strong><\/strong><\/strong><\/strong><\/strong><\/strong><\/strong><\/p>\n","protected":false},"excerpt":{"rendered":"<p>Otoplitev nam je pobrala \u0161e zadnji sneg, tako da imamo v vrhnjem delu na stezi veliko ledu, spodaj pa \u0161e ve\u010d blata \ud83d\ude25 . Dereze so \u0161e vedno obvezna oprema \u2757 . Statistika za KLJUKE na polovici sezone: V knjigo se vpisuje 408 planincev, imamo 304 registrirane \u010dlane, od tega je letos novih kar 53, [&hellip;]<\/p>\n","protected":false},"author":2,"featured_media":0,"comment_status":"open","ping_status":"open","sticky":false,"template":"","format":"standard","meta":{"footnotes":""},"categories":[9,8],"tags":[],"_links":{"self":[{"href":"https:\/\/kalisce.com\/blog\/wp-json\/wp\/v2\/posts\/1736"}],"collection":[{"href":"https:\/\/kalisce.com\/blog\/wp-json\/wp\/v2\/posts"}],"about":[{"href":"https:\/\/kalisce.com\/blog\/wp-json\/wp\/v2\/types\/post"}],"author":[{"embeddable":true,"href":"https:\/\/kalisce.com\/blog\/wp-json\/wp\/v2\/users\/2"}],"replies":[{"embeddable":true,"href":"https:\/\/kalisce.com\/blog\/wp-json\/wp\/v2\/comments?post=1736"}],"version-history":[{"count":11,"href":"https:\/\/kalisce.com\/blog\/wp-json\/wp\/v2\/posts\/1736\/revisions"}],"predecessor-version":[{"id":1739,"href":"https:\/\/kalisce.com\/blog\/wp-json\/wp\/v2\/posts\/1736\/revisions\/1739"}],"wp:attachment":[{"href":"https:\/\/kalisce.com\/blog\/wp-json\/wp\/v2\/media?parent=1736"}],"wp:term":[{"taxonomy":"category","embeddable":true,"href":"https:\/\/kalisce.com\/blog\/wp-json\/wp\/v2\/categories?post=1736"},{"taxonomy":"post_tag","embeddable":true,"href":"https:\/\/kalisce.com\/blog\/wp-json\/wp\/v2\/tags?post=1736"}],"curies":[{"name":"wp","href":"https:\/\/api.w.org\/{rel}","templated":true}]}}