{"id":1754,"date":"2011-01-16T21:54:51","date_gmt":"2011-01-16T20:54:51","guid":{"rendered":"http:\/\/kalisce.com\/blog\/?p=1754"},"modified":"2011-01-17T19:15:16","modified_gmt":"2011-01-17T18:15:16","slug":"pomlad-sredi-januarja","status":"publish","type":"post","link":"https:\/\/kalisce.com\/blog\/2011\/01\/16\/pomlad-sredi-januarja\/","title":{"rendered":"Pomlad sredi januarja???"},"content":{"rendered":"<div id=\"attachment_1755\" style=\"width: 360px\" class=\"wp-caption alignleft\"><a href=\"http:\/\/picasaweb.google.com\/rekar.marjan\/Kalisce1612011#\"><img loading=\"lazy\" decoding=\"async\" aria-describedby=\"caption-attachment-1755\" class=\"size-full wp-image-1755\" title=\"Pla\u017ea na Kali\u0161\u010du\" src=\"https:\/\/kalisce.com\/blog\/wp-content\/uploads\/2011\/01\/IMG_2903.jpg\" alt=\"Pla\u017ea na Kali\u0161\u010du\" width=\"350\" height=\"291\" srcset=\"https:\/\/kalisce.com\/blog\/wp-content\/uploads\/2011\/01\/IMG_2903.jpg 350w, https:\/\/kalisce.com\/blog\/wp-content\/uploads\/2011\/01\/IMG_2903-150x124.jpg 150w, https:\/\/kalisce.com\/blog\/wp-content\/uploads\/2011\/01\/IMG_2903-300x249.jpg 300w\" sizes=\"(max-width: 350px) 100vw, 350px\" \/><\/a><p id=\"caption-attachment-1755\" class=\"wp-caption-text\">Pla\u017ea na Kali\u0161\u010du<\/p><\/div>\n<p>Leto\u0161nja zima je zares \u010dudna. Pri\u010da smo \u017ee tretji mo\u010dni otoplitvi v sezoni. Marsikateremu obiskovalcu ni popolnoma jasno, da smo sredi zime in da za bajto ne pasemo krav ter da nimamo kislega mleka \ud83d\ude44<\/p>\n<p>Mo\u010dan in topel sobotni veter je odpihnil oblake, terasa pred ko\u010do pa je kmalu postala pla\u017ea. Mno\u017eica pohodnikov je bila pred ko\u010do tudi v nedeljo. Najlep\u0161i del dneva so seveda son\u010dni vzhodi in zahodi &#8211; vmes je pa biznis!<\/p>\n<p>Po tako toplem vikendu si te\u017eko predstavljamo, da bo \u017ee naslednji konec tedna okoli bajte cca 20 cm snega in 10 pod nulo \ud83d\ude15<\/p>\n<p>Zadnji del galerije je spet dodal <strong>tajni <\/strong>zunanji sodelavec.<\/p>\n<p>Dodatnih 8 zadnjih pa je posnel <strong>Tone <\/strong>ob naskoku na <strong>Grintovec<\/strong>!<\/p>\n<p><strong><a href=\"http:\/\/picasaweb.google.com\/rekar.marjan\/Kalisce1612011#\">Galerija<\/a><\/strong><\/p>\n<p><strong><strong><strong><strong><strong><strong><strong><strong><strong><strong><strong><strong><strong><strong><strong><a href=\"https:\/\/kalisce.com\/blog\/vpisi\/2010\/160111.pdf\">KLJUKA \u2013 vpisi do 16. januarja 2011<\/a><\/strong><\/strong><\/strong><\/strong><\/strong><\/strong><\/strong><\/strong><\/strong><\/strong><\/strong><\/strong><\/strong><\/strong><\/strong><\/p>\n","protected":false},"excerpt":{"rendered":"<p>Leto\u0161nja zima je zares \u010dudna. Pri\u010da smo \u017ee tretji mo\u010dni otoplitvi v sezoni. Marsikateremu obiskovalcu ni popolnoma jasno, da smo sredi zime in da za bajto ne pasemo krav ter da nimamo kislega mleka \ud83d\ude44 Mo\u010dan in topel sobotni veter je odpihnil oblake, terasa pred ko\u010do pa je kmalu postala pla\u017ea. Mno\u017eica pohodnikov je bila [&hellip;]<\/p>\n","protected":false},"author":2,"featured_media":0,"comment_status":"open","ping_status":"open","sticky":false,"template":"","format":"standard","meta":{"footnotes":""},"categories":[9,8],"tags":[],"_links":{"self":[{"href":"https:\/\/kalisce.com\/blog\/wp-json\/wp\/v2\/posts\/1754"}],"collection":[{"href":"https:\/\/kalisce.com\/blog\/wp-json\/wp\/v2\/posts"}],"about":[{"href":"https:\/\/kalisce.com\/blog\/wp-json\/wp\/v2\/types\/post"}],"author":[{"embeddable":true,"href":"https:\/\/kalisce.com\/blog\/wp-json\/wp\/v2\/users\/2"}],"replies":[{"embeddable":true,"href":"https:\/\/kalisce.com\/blog\/wp-json\/wp\/v2\/comments?post=1754"}],"version-history":[{"count":4,"href":"https:\/\/kalisce.com\/blog\/wp-json\/wp\/v2\/posts\/1754\/revisions"}],"predecessor-version":[{"id":1757,"href":"https:\/\/kalisce.com\/blog\/wp-json\/wp\/v2\/posts\/1754\/revisions\/1757"}],"wp:attachment":[{"href":"https:\/\/kalisce.com\/blog\/wp-json\/wp\/v2\/media?parent=1754"}],"wp:term":[{"taxonomy":"category","embeddable":true,"href":"https:\/\/kalisce.com\/blog\/wp-json\/wp\/v2\/categories?post=1754"},{"taxonomy":"post_tag","embeddable":true,"href":"https:\/\/kalisce.com\/blog\/wp-json\/wp\/v2\/tags?post=1754"}],"curies":[{"name":"wp","href":"https:\/\/api.w.org\/{rel}","templated":true}]}}