{"id":1766,"date":"2011-01-24T06:51:19","date_gmt":"2011-01-24T05:51:19","guid":{"rendered":"http:\/\/kalisce.com\/blog\/?p=1766"},"modified":"2011-01-24T13:50:04","modified_gmt":"2011-01-24T12:50:04","slug":"zima-je-nazaj","status":"publish","type":"post","link":"https:\/\/kalisce.com\/blog\/2011\/01\/24\/zima-je-nazaj\/","title":{"rendered":"ZIMA je nazaj :)"},"content":{"rendered":"<div id=\"attachment_1767\" style=\"width: 360px\" class=\"wp-caption alignleft\"><a href=\"http:\/\/picasaweb.google.com\/rekar.marjan\/Kalisce2312011#\"><img loading=\"lazy\" decoding=\"async\" aria-describedby=\"caption-attachment-1767\" class=\"size-full wp-image-1767 \" title=\"Kranjski razgled\" src=\"https:\/\/kalisce.com\/blog\/wp-content\/uploads\/2011\/01\/DSC05909.jpg\" alt=\"Kranjski razgled\" width=\"350\" height=\"202\" srcset=\"https:\/\/kalisce.com\/blog\/wp-content\/uploads\/2011\/01\/DSC05909.jpg 350w, https:\/\/kalisce.com\/blog\/wp-content\/uploads\/2011\/01\/DSC05909-150x86.jpg 150w, https:\/\/kalisce.com\/blog\/wp-content\/uploads\/2011\/01\/DSC05909-300x173.jpg 300w\" sizes=\"(max-width: 350px) 100vw, 350px\" \/><\/a><p id=\"caption-attachment-1767\" class=\"wp-caption-text\">Kranjski razgled<\/p><\/div>\n<p>Napoved prej\u0161njega tedna se je uresni\u010dila in zima je spet tu. Temperatura je bila celo <strong>-13\u00b0C<\/strong>, povrhu smo imeli pa \u0161e mo\u010dan veter.<\/p>\n<p>Vsi te\u017eki pogoji skupaj niso prepre\u010dili mno\u017ei\u010dnega obiska <strong>Kali\u0161\u010da <\/strong>in praznovanja<strong> Sv. Antona<\/strong> (tapra\u0161i\u010dev Tone).<\/p>\n<p><strong>Primo\u017e <\/strong>je prispeval fotografije zimskega (in vetrovnega) naskoka na <strong>Stor\u017ei\u010d<\/strong>, kamor se je v nedeljo podalo \u0161e nekaj avanturistov.<\/p>\n<p>Dra\u017ebo pred cerkvijo v <strong>Ma\u010dah <\/strong>je dokumentiral tajni zunanji sodelavec <strong>Janez<\/strong>, ki se je v soboto podal na Kali\u0161\u010de preko <strong>Srednjega vrha \ud83d\ude2f .<\/strong><\/p>\n<p>Na koncu galerije je zabele\u017een sre\u010dni dogodek na <strong>Krvavcu <\/strong>\ud83d\ude00 \u00a0<strong>\u010ce<\/strong><strong>stitke mladoporo\u010dencema<\/strong> \u2757<\/p>\n<p>\u0160e tehni\u010dni podatki: vse moje fotografije so v zadnjih \u0161tirih letih narejene s trotlco <strong><a href=\"http:\/\/www.google.si\/images?q=canon+ixus+850+is+review&amp;hl=sl&amp;rlz=1C1GGGE_enSI385SI385&amp;prmd=ivns&amp;source=lnms&amp;tbs=isch:1&amp;ei=cBQ9TaWkMdD2sgbg66nzBg&amp;sa=X&amp;oi=mode_link&amp;ct=mode&amp;cd=2&amp;ved=0CAsQ_AUoAQ&amp;biw=1920&amp;bih=955\">Canon IXUS 850 IS<\/a>, <\/strong>ki pa je dobil dru\u017ebo: <strong><a href=\"http:\/\/www.canon.si\/for_home\/product_finder\/cameras\/digital_camera\/powershot\/powershot_sx210_is\/index.aspx\">Canon PS SX 210 IS<\/a><\/strong> z mo\u010dnim zooooomom \ud83d\ude00 . Kri\u017e z vrha Stor\u017ei\u010da skoraj dol potegne \ud83d\ude06<\/p>\n<p><strong><a href=\"http:\/\/picasaweb.google.com\/rekar.marjan\/Kalisce2312011#\">Galerija<\/a><\/strong><\/p>\n<p><strong><strong><strong><strong><strong><strong><strong><strong><strong><strong><strong><strong><strong><strong><strong><strong><a href=\"https:\/\/kalisce.com\/blog\/vpisi\/2010\/230111.pdf\">KLJUKA \u2013 vpisi do 23. januarja 2011<\/a><\/strong><\/strong><\/strong><\/strong><\/strong><\/strong><\/strong><\/strong><\/strong><\/strong><\/strong><\/strong><\/strong><\/strong><\/strong><\/strong><\/p>\n","protected":false},"excerpt":{"rendered":"<p>Napoved prej\u0161njega tedna se je uresni\u010dila in zima je spet tu. Temperatura je bila celo -13\u00b0C, povrhu smo imeli pa \u0161e mo\u010dan veter. Vsi te\u017eki pogoji skupaj niso prepre\u010dili mno\u017ei\u010dnega obiska Kali\u0161\u010da in praznovanja Sv. Antona (tapra\u0161i\u010dev Tone). Primo\u017e je prispeval fotografije zimskega (in vetrovnega) naskoka na Stor\u017ei\u010d, kamor se je v nedeljo podalo \u0161e [&hellip;]<\/p>\n","protected":false},"author":2,"featured_media":0,"comment_status":"open","ping_status":"open","sticky":false,"template":"","format":"standard","meta":{"footnotes":""},"categories":[9,8],"tags":[],"_links":{"self":[{"href":"https:\/\/kalisce.com\/blog\/wp-json\/wp\/v2\/posts\/1766"}],"collection":[{"href":"https:\/\/kalisce.com\/blog\/wp-json\/wp\/v2\/posts"}],"about":[{"href":"https:\/\/kalisce.com\/blog\/wp-json\/wp\/v2\/types\/post"}],"author":[{"embeddable":true,"href":"https:\/\/kalisce.com\/blog\/wp-json\/wp\/v2\/users\/2"}],"replies":[{"embeddable":true,"href":"https:\/\/kalisce.com\/blog\/wp-json\/wp\/v2\/comments?post=1766"}],"version-history":[{"count":13,"href":"https:\/\/kalisce.com\/blog\/wp-json\/wp\/v2\/posts\/1766\/revisions"}],"predecessor-version":[{"id":1770,"href":"https:\/\/kalisce.com\/blog\/wp-json\/wp\/v2\/posts\/1766\/revisions\/1770"}],"wp:attachment":[{"href":"https:\/\/kalisce.com\/blog\/wp-json\/wp\/v2\/media?parent=1766"}],"wp:term":[{"taxonomy":"category","embeddable":true,"href":"https:\/\/kalisce.com\/blog\/wp-json\/wp\/v2\/categories?post=1766"},{"taxonomy":"post_tag","embeddable":true,"href":"https:\/\/kalisce.com\/blog\/wp-json\/wp\/v2\/tags?post=1766"}],"curies":[{"name":"wp","href":"https:\/\/api.w.org\/{rel}","templated":true}]}}