{"id":1786,"date":"2011-01-31T12:20:32","date_gmt":"2011-01-31T11:20:32","guid":{"rendered":"http:\/\/kalisce.com\/blog\/?p=1786"},"modified":"2011-01-31T13:42:15","modified_gmt":"2011-01-31T12:42:15","slug":"konec-januarja-2","status":"publish","type":"post","link":"https:\/\/kalisce.com\/blog\/2011\/01\/31\/konec-januarja-2\/","title":{"rendered":"Konec januarja"},"content":{"rendered":"<div id=\"attachment_1787\" style=\"width: 360px\" class=\"wp-caption alignleft\"><a href=\"https:\/\/picasaweb.google.com\/rekar.marjan\/Kalisce3012011#\"><img loading=\"lazy\" decoding=\"async\" aria-describedby=\"caption-attachment-1787\" class=\"size-full wp-image-1787\" title=\"Aura na Stor\u017ei\u010du\" src=\"https:\/\/kalisce.com\/blog\/wp-content\/uploads\/2011\/01\/IMG_0066.jpg\" alt=\"Aura na Stor\u017ei\u010du\" width=\"350\" height=\"263\" srcset=\"https:\/\/kalisce.com\/blog\/wp-content\/uploads\/2011\/01\/IMG_0066.jpg 350w, https:\/\/kalisce.com\/blog\/wp-content\/uploads\/2011\/01\/IMG_0066-150x112.jpg 150w, https:\/\/kalisce.com\/blog\/wp-content\/uploads\/2011\/01\/IMG_0066-300x225.jpg 300w\" sizes=\"(max-width: 350px) 100vw, 350px\" \/><\/a><p id=\"caption-attachment-1787\" class=\"wp-caption-text\">Aura na Stor\u017ei\u010du<\/p><\/div>\n<p>Prvi mesec v letu 2011 je za nami \ud83d\ude00<\/p>\n<p>\u017de tri zaporedne vikende nimamo padavin, kar ni ravno obi\u010dajno. Zima je ko\u010do ohladila na kriti\u010dno raven, saj vodo komaj \u0161e vzdr\u017eujemo v teko\u010dem stanju. Veliko planincev je bilo na vrhu Stor\u017ei\u010da. <strong>Dereze <\/strong>so obvezna oprema (tudi do Kali\u0161\u010da)!<\/p>\n<p><strong>Uro\u0161 <\/strong>je praznoval okroglo obletnico in na 1540 metrih dobil za darilo morske sade\u017ee. Vse najbolj\u0161e \u2757<\/p>\n<p>Stalni <strong>tajni <\/strong>zunanji sodelavec je v nedeljo z &#8220;novim Canonom&#8221; naredil na Stor\u017ei\u010du odli\u010dne posnetke &#8211; vse besede so odve\u010d!<\/p>\n<p><strong>Roman <\/strong>bi rekel: PA HVALA K STE SE UGWASL \ud83d\ude00<\/p>\n<p><strong><a href=\"https:\/\/picasaweb.google.com\/rekar.marjan\/Kalisce3012011#\">Galerija<\/a><\/strong><\/p>\n<p><strong><strong><strong><strong><strong><strong><strong><strong><strong><strong><strong><strong><strong><strong><strong><strong><strong><a href=\"https:\/\/kalisce.com\/blog\/vpisi\/2010\/300111.pdf\">KLJUKA \u2013 vpisi do 30. januarja 2011<\/a><\/strong><\/strong><\/strong><\/strong><\/strong><\/strong><\/strong><\/strong><\/strong><\/strong><\/strong><\/strong><\/strong><\/strong><\/strong><\/strong><\/strong><\/p>\n","protected":false},"excerpt":{"rendered":"<p>Prvi mesec v letu 2011 je za nami \ud83d\ude00 \u017de tri zaporedne vikende nimamo padavin, kar ni ravno obi\u010dajno. Zima je ko\u010do ohladila na kriti\u010dno raven, saj vodo komaj \u0161e vzdr\u017eujemo v teko\u010dem stanju. Veliko planincev je bilo na vrhu Stor\u017ei\u010da. Dereze so obvezna oprema (tudi do Kali\u0161\u010da)! Uro\u0161 je praznoval okroglo obletnico in na [&hellip;]<\/p>\n","protected":false},"author":2,"featured_media":0,"comment_status":"open","ping_status":"open","sticky":false,"template":"","format":"standard","meta":{"footnotes":""},"categories":[9,8],"tags":[],"_links":{"self":[{"href":"https:\/\/kalisce.com\/blog\/wp-json\/wp\/v2\/posts\/1786"}],"collection":[{"href":"https:\/\/kalisce.com\/blog\/wp-json\/wp\/v2\/posts"}],"about":[{"href":"https:\/\/kalisce.com\/blog\/wp-json\/wp\/v2\/types\/post"}],"author":[{"embeddable":true,"href":"https:\/\/kalisce.com\/blog\/wp-json\/wp\/v2\/users\/2"}],"replies":[{"embeddable":true,"href":"https:\/\/kalisce.com\/blog\/wp-json\/wp\/v2\/comments?post=1786"}],"version-history":[{"count":6,"href":"https:\/\/kalisce.com\/blog\/wp-json\/wp\/v2\/posts\/1786\/revisions"}],"predecessor-version":[{"id":1789,"href":"https:\/\/kalisce.com\/blog\/wp-json\/wp\/v2\/posts\/1786\/revisions\/1789"}],"wp:attachment":[{"href":"https:\/\/kalisce.com\/blog\/wp-json\/wp\/v2\/media?parent=1786"}],"wp:term":[{"taxonomy":"category","embeddable":true,"href":"https:\/\/kalisce.com\/blog\/wp-json\/wp\/v2\/categories?post=1786"},{"taxonomy":"post_tag","embeddable":true,"href":"https:\/\/kalisce.com\/blog\/wp-json\/wp\/v2\/tags?post=1786"}],"curies":[{"name":"wp","href":"https:\/\/api.w.org\/{rel}","templated":true}]}}