{"id":1802,"date":"2011-02-07T07:05:39","date_gmt":"2011-02-07T06:05:39","guid":{"rendered":"http:\/\/kalisce.com\/blog\/?p=1802"},"modified":"2011-02-09T12:52:24","modified_gmt":"2011-02-09T11:52:24","slug":"zjutraj-plus-7","status":"publish","type":"post","link":"https:\/\/kalisce.com\/blog\/2011\/02\/07\/zjutraj-plus-7\/","title":{"rendered":"Zjutraj plus 7"},"content":{"rendered":"<div id=\"attachment_1803\" style=\"width: 359px\" class=\"wp-caption alignleft\"><a href=\"https:\/\/picasaweb.google.com\/rekar.marjan\/Kalisce622011#\"><img loading=\"lazy\" decoding=\"async\" aria-describedby=\"caption-attachment-1803\" class=\"size-full wp-image-1803 \" title=\"Na vrhu Stor\u017ei\u010da\" src=\"https:\/\/kalisce.com\/blog\/wp-content\/uploads\/2011\/02\/IMG_0158.jpg\" alt=\"Na vrhu Stor\u017ei\u010da\" width=\"349\" height=\"262\" srcset=\"https:\/\/kalisce.com\/blog\/wp-content\/uploads\/2011\/02\/IMG_0158.jpg 349w, https:\/\/kalisce.com\/blog\/wp-content\/uploads\/2011\/02\/IMG_0158-150x112.jpg 150w, https:\/\/kalisce.com\/blog\/wp-content\/uploads\/2011\/02\/IMG_0158-300x225.jpg 300w\" sizes=\"(max-width: 349px) 100vw, 349px\" \/><\/a><p id=\"caption-attachment-1803\" class=\"wp-caption-text\">Na vrhu Stor\u017ei\u010da<\/p><\/div>\n<p>Tudi februar ni ve\u010d, kar je bil. Zajela nas je otoplitev, ki pobira sneg, hkrati pa nam bo nekoliko ogrela ko\u010do. Temperatura tudi pono\u010di ne pade pod ledi\u0161\u010de. Le kaj nas \u0161e \u010daka to zimo \u2753 Menda \u0161e sneg \u2757<\/p>\n<p>Mno\u017eica planincev je preplavila pobo\u010dja pod Stor\u017ei\u010dem, veliko pa se jih je povzpelo tudi na vrh.<\/p>\n<p>V <strong><a href=\"https:\/\/picasaweb.google.com\/rekar.marjan\/Kalisce622011#\">galeriji <\/a><\/strong>imamo slike tajnega zunanjega sodelavca, ki je dokumentiral son\u010dni vzhod z vrha v soboto in nedeljo ter ozadje kulturnega praznika v torek.<\/p>\n<p><strong>Tone <\/strong>je prispeval \u010dudovite slike s <strong>Triglava<\/strong>, kjer je v tem \u010dasu prava gne\u010da \ud83d\ude44<\/p>\n<p><strong>Primo\u017e &amp; Co. <\/strong>so osvojili <strong>\u0160pik<\/strong>.<\/p>\n<p>Vsem hvala za slike!<\/p>\n<p>Pot do Kali\u0161\u010da je kopna in skoraj povsod suha, naprej do Stor\u017ei\u010da pa so \u0161e obvezne dereze!<\/p>\n<p><strong><a href=\"https:\/\/picasaweb.google.com\/rekar.marjan\/Kalisce622011#\">Galerija<\/a><\/strong><\/p>\n<p><strong><strong><strong><strong><strong><strong><strong><strong><strong><strong><strong><strong><strong><strong><strong><strong><strong><strong><a href=\"https:\/\/kalisce.com\/blog\/vpisi\/2010\/080211.pdf\">KLJUKA \u2013 vpisi do 8. februarja 2011<\/a><\/strong><\/strong><\/strong><\/strong><\/strong><\/strong><\/strong><\/strong><\/strong><\/strong><\/strong><\/strong><\/strong><\/strong><\/strong><\/strong><\/strong><\/strong><\/p>\n","protected":false},"excerpt":{"rendered":"<p>Tudi februar ni ve\u010d, kar je bil. Zajela nas je otoplitev, ki pobira sneg, hkrati pa nam bo nekoliko ogrela ko\u010do. Temperatura tudi pono\u010di ne pade pod ledi\u0161\u010de. Le kaj nas \u0161e \u010daka to zimo \u2753 Menda \u0161e sneg \u2757 Mno\u017eica planincev je preplavila pobo\u010dja pod Stor\u017ei\u010dem, veliko pa se jih je povzpelo tudi na [&hellip;]<\/p>\n","protected":false},"author":2,"featured_media":0,"comment_status":"open","ping_status":"open","sticky":false,"template":"","format":"standard","meta":{"footnotes":""},"categories":[9,8],"tags":[],"_links":{"self":[{"href":"https:\/\/kalisce.com\/blog\/wp-json\/wp\/v2\/posts\/1802"}],"collection":[{"href":"https:\/\/kalisce.com\/blog\/wp-json\/wp\/v2\/posts"}],"about":[{"href":"https:\/\/kalisce.com\/blog\/wp-json\/wp\/v2\/types\/post"}],"author":[{"embeddable":true,"href":"https:\/\/kalisce.com\/blog\/wp-json\/wp\/v2\/users\/2"}],"replies":[{"embeddable":true,"href":"https:\/\/kalisce.com\/blog\/wp-json\/wp\/v2\/comments?post=1802"}],"version-history":[{"count":7,"href":"https:\/\/kalisce.com\/blog\/wp-json\/wp\/v2\/posts\/1802\/revisions"}],"predecessor-version":[{"id":1805,"href":"https:\/\/kalisce.com\/blog\/wp-json\/wp\/v2\/posts\/1802\/revisions\/1805"}],"wp:attachment":[{"href":"https:\/\/kalisce.com\/blog\/wp-json\/wp\/v2\/media?parent=1802"}],"wp:term":[{"taxonomy":"category","embeddable":true,"href":"https:\/\/kalisce.com\/blog\/wp-json\/wp\/v2\/categories?post=1802"},{"taxonomy":"post_tag","embeddable":true,"href":"https:\/\/kalisce.com\/blog\/wp-json\/wp\/v2\/tags?post=1802"}],"curies":[{"name":"wp","href":"https:\/\/api.w.org\/{rel}","templated":true}]}}