{"id":1814,"date":"2011-02-14T14:34:48","date_gmt":"2011-02-14T13:34:48","guid":{"rendered":"http:\/\/kalisce.com\/blog\/?p=1814"},"modified":"2011-02-14T15:06:19","modified_gmt":"2011-02-14T14:06:19","slug":"valentinovo","status":"publish","type":"post","link":"https:\/\/kalisce.com\/blog\/2011\/02\/14\/valentinovo\/","title":{"rendered":"Valentinovo"},"content":{"rendered":"<div id=\"attachment_1815\" style=\"width: 360px\" class=\"wp-caption alignleft\"><a href=\"https:\/\/picasaweb.google.com\/rekar.marjan\/Kalisce1322011#\"><img loading=\"lazy\" decoding=\"async\" aria-describedby=\"caption-attachment-1815\" class=\"size-full wp-image-1815 \" title=\"Sneg pred Valentinovim\" src=\"https:\/\/kalisce.com\/blog\/wp-content\/uploads\/2011\/02\/IMG_0622.jpg\" alt=\"Sneg pred Valentinovim\" width=\"350\" height=\"263\" srcset=\"https:\/\/kalisce.com\/blog\/wp-content\/uploads\/2011\/02\/IMG_0622.jpg 350w, https:\/\/kalisce.com\/blog\/wp-content\/uploads\/2011\/02\/IMG_0622-150x112.jpg 150w, https:\/\/kalisce.com\/blog\/wp-content\/uploads\/2011\/02\/IMG_0622-300x225.jpg 300w\" sizes=\"(max-width: 350px) 100vw, 350px\" \/><\/a><p id=\"caption-attachment-1815\" class=\"wp-caption-text\">Sneg pred Valentinovim<\/p><\/div>\n<p>Po zelo dolgem obdobju lepega vremena smo dobili nekaj sne\u017eink. Posebnega mraza ni, ampak ni ve\u010d tako toplo, kot pred nekaj dnevi. Do konca zime bo \u0161e marsikaj \ud83d\ude09<\/p>\n<p>Minulo soboto je \u017eal zaznamovala tragi\u010dna nesre\u010da planinca na ju\u017enem pobo\u010dju Stor\u017ei\u010da. V hribih je \u0161e zima, zato v nahrbtnik \u00a0spada zimska oprema! Dereze so obvezne!<\/p>\n<p>Stalni tajni <strong>sodelavec <\/strong>je ovekove\u010dil sobotni prihod sonca na Stor\u017ei\u010d &#8211; UUUUUU FOU\u0160 \ud83d\ude44<\/p>\n<p>Skupina <strong>\u0160en\u010durjanov<\/strong> je ve\u010dkrat osvojila Kredarico &#8211; na koncu galerije.<\/p>\n<p>Hvala neznanemu <strong>Valentinu <\/strong>(<strong>Valentini<\/strong>) za lep \u0161opek zataknjen za brisalcem \ud83d\ude33<\/p>\n<p><strong><a href=\"https:\/\/picasaweb.google.com\/rekar.marjan\/Kalisce1322011#\">Galerija<\/a><\/strong><\/p>\n<p><strong><strong><strong><strong><strong><strong><strong><strong><strong><strong><strong><strong><strong><strong><strong><strong><strong><strong><strong><a href=\"https:\/\/kalisce.com\/blog\/vpisi\/2010\/130211.pdf\">KLJUKA \u2013 vpisi do 13. februarja 2011<\/a><\/strong><\/strong><\/strong><\/strong><\/strong><\/strong><\/strong><\/strong><\/strong><\/strong><\/strong><\/strong><\/strong><\/strong><\/strong><\/strong><\/strong><\/strong><\/strong><\/p>\n","protected":false},"excerpt":{"rendered":"<p>Po zelo dolgem obdobju lepega vremena smo dobili nekaj sne\u017eink. Posebnega mraza ni, ampak ni ve\u010d tako toplo, kot pred nekaj dnevi. Do konca zime bo \u0161e marsikaj \ud83d\ude09 Minulo soboto je \u017eal zaznamovala tragi\u010dna nesre\u010da planinca na ju\u017enem pobo\u010dju Stor\u017ei\u010da. V hribih je \u0161e zima, zato v nahrbtnik \u00a0spada zimska oprema! Dereze so obvezne! [&hellip;]<\/p>\n","protected":false},"author":2,"featured_media":0,"comment_status":"open","ping_status":"open","sticky":false,"template":"","format":"standard","meta":{"footnotes":""},"categories":[9,8],"tags":[],"_links":{"self":[{"href":"https:\/\/kalisce.com\/blog\/wp-json\/wp\/v2\/posts\/1814"}],"collection":[{"href":"https:\/\/kalisce.com\/blog\/wp-json\/wp\/v2\/posts"}],"about":[{"href":"https:\/\/kalisce.com\/blog\/wp-json\/wp\/v2\/types\/post"}],"author":[{"embeddable":true,"href":"https:\/\/kalisce.com\/blog\/wp-json\/wp\/v2\/users\/2"}],"replies":[{"embeddable":true,"href":"https:\/\/kalisce.com\/blog\/wp-json\/wp\/v2\/comments?post=1814"}],"version-history":[{"count":4,"href":"https:\/\/kalisce.com\/blog\/wp-json\/wp\/v2\/posts\/1814\/revisions"}],"predecessor-version":[{"id":1818,"href":"https:\/\/kalisce.com\/blog\/wp-json\/wp\/v2\/posts\/1814\/revisions\/1818"}],"wp:attachment":[{"href":"https:\/\/kalisce.com\/blog\/wp-json\/wp\/v2\/media?parent=1814"}],"wp:term":[{"taxonomy":"category","embeddable":true,"href":"https:\/\/kalisce.com\/blog\/wp-json\/wp\/v2\/categories?post=1814"},{"taxonomy":"post_tag","embeddable":true,"href":"https:\/\/kalisce.com\/blog\/wp-json\/wp\/v2\/tags?post=1814"}],"curies":[{"name":"wp","href":"https:\/\/api.w.org\/{rel}","templated":true}]}}