{"id":1834,"date":"2011-02-28T12:45:09","date_gmt":"2011-02-28T11:45:09","guid":{"rendered":"http:\/\/kalisce.com\/blog\/?p=1834"},"modified":"2011-03-02T15:03:32","modified_gmt":"2011-03-02T14:03:32","slug":"predpustna-veselica","status":"publish","type":"post","link":"https:\/\/kalisce.com\/blog\/2011\/02\/28\/predpustna-veselica\/","title":{"rendered":"Predpustna veselica"},"content":{"rendered":"<div id=\"attachment_1835\" style=\"width: 360px\" class=\"wp-caption alignleft\"><a href=\"https:\/\/picasaweb.google.com\/rekar.marjan\/Kalisce2722011#\"><img loading=\"lazy\" decoding=\"async\" aria-describedby=\"caption-attachment-1835\" class=\"size-full wp-image-1835  \" title=\"Quatro adijo!\" src=\"https:\/\/kalisce.com\/blog\/wp-content\/uploads\/2011\/02\/IMG_3085.jpg\" alt=\"Quatro adijo - adijo pamet!\" width=\"350\" height=\"263\" srcset=\"https:\/\/kalisce.com\/blog\/wp-content\/uploads\/2011\/02\/IMG_3085.jpg 350w, https:\/\/kalisce.com\/blog\/wp-content\/uploads\/2011\/02\/IMG_3085-150x112.jpg 150w, https:\/\/kalisce.com\/blog\/wp-content\/uploads\/2011\/02\/IMG_3085-300x225.jpg 300w\" sizes=\"(max-width: 350px) 100vw, 350px\" \/><\/a><p id=\"caption-attachment-1835\" class=\"wp-caption-text\">Quatro adijo - adijo pamet!<\/p><\/div>\n<p>Zadnji februarski vikend je bil ekstremen &#8211; na ve\u010d na\u010dinov.<\/p>\n<p>Petkov ve\u010derni prihod na Kali\u0161\u010de sta popestrila kolesarja <strong>Polona <\/strong>in <strong>Luka<\/strong>, ki sta se v vetrovni no\u010di pri minus 11\u00b0C spustila v dolino \ud83d\ude44<\/p>\n<p>Sredi sobote je \u0161el na dopust <strong>bojler <\/strong>&#8211; na\u0161a voda ni mrzla, ampak ledena (\u010de se ne premika, otrdi) \ud83d\ude2f<\/p>\n<p>V nedeljo so v ko\u010di gostovali <strong>Quatro adijo<\/strong> (adijo na vse na\u010dine) in priredili vrhunsko veselico z raznovrstno muziko &#8211; od <strong>Hen\u010dka<\/strong> do <strong>Pink Floydov<\/strong>, vrhunec pa je bilo <strong>Pestnerjevih \u00a030 let \u2757<\/strong><\/p>\n<p>Najlep\u0161e se zahvaljujemo glavnima organizatorjema ina sponzorjema predpustne veselice<strong> g. Matja\u017eu Vehovcu <\/strong>in <strong>g. Iztoku Vidmarju!<\/strong><\/p>\n<p>Zadnji del galerije je ponovno dodal <strong>stalni TZS<\/strong> &#8211; hodil je tam, kjer si nekateri lahko samo \u017eelijo \ud83d\ude08<\/p>\n<p><strong>\u010clani kluba KLJUKA &#8211; vabljeni v soboto na pustni krof!<\/strong><\/p>\n<p><strong><a href=\"https:\/\/picasaweb.google.com\/rekar.marjan\/Kalisce2722011#\">Galerija<\/a><\/strong><\/p>\n<p><strong><a href=\"http:\/\/www.youtube.com\/watch?v=QDtatEfiMHQ\">Film<\/a><\/strong><\/p>\n<p><strong><strong><strong><strong><strong><strong><strong><strong><strong><strong><strong><strong><strong><strong><strong><strong><strong><strong><strong><strong><strong><a href=\"https:\/\/kalisce.com\/blog\/vpisi\/2010\/270211.pdf\">KLJUKA \u2013 vpisi do 27. februarja 2011<\/a><\/strong><\/strong><\/strong><\/strong><\/strong><\/strong><\/strong><\/strong><\/strong><\/strong><\/strong><\/strong><\/strong><\/strong><\/strong><\/strong><\/strong><\/strong><\/strong><\/strong><\/strong><\/p>\n<p><strong><strong><strong><strong><strong><strong><strong><strong><strong><strong><strong><strong><strong><strong><strong><strong><strong><strong><strong><strong><strong>P.S. <a href=\"https:\/\/kalisce.com\/blog\/vpisi\/2010\/spis.pdf\">Esej na temo &#8220;nedelja na Kali\u0161\u010du&#8221;<\/a><\/strong><\/strong><\/strong><\/strong><\/strong><\/strong><\/strong><\/strong><\/strong><\/strong><\/strong><\/strong><\/strong><\/strong><\/strong><\/strong><\/strong><\/strong><\/strong><\/strong><\/strong><\/p>\n","protected":false},"excerpt":{"rendered":"<p>Zadnji februarski vikend je bil ekstremen &#8211; na ve\u010d na\u010dinov. Petkov ve\u010derni prihod na Kali\u0161\u010de sta popestrila kolesarja Polona in Luka, ki sta se v vetrovni no\u010di pri minus 11\u00b0C spustila v dolino \ud83d\ude44 Sredi sobote je \u0161el na dopust bojler &#8211; na\u0161a voda ni mrzla, ampak ledena (\u010de se ne premika, otrdi) \ud83d\ude2f V [&hellip;]<\/p>\n","protected":false},"author":2,"featured_media":0,"comment_status":"open","ping_status":"open","sticky":false,"template":"","format":"standard","meta":{"footnotes":""},"categories":[9,8],"tags":[],"_links":{"self":[{"href":"https:\/\/kalisce.com\/blog\/wp-json\/wp\/v2\/posts\/1834"}],"collection":[{"href":"https:\/\/kalisce.com\/blog\/wp-json\/wp\/v2\/posts"}],"about":[{"href":"https:\/\/kalisce.com\/blog\/wp-json\/wp\/v2\/types\/post"}],"author":[{"embeddable":true,"href":"https:\/\/kalisce.com\/blog\/wp-json\/wp\/v2\/users\/2"}],"replies":[{"embeddable":true,"href":"https:\/\/kalisce.com\/blog\/wp-json\/wp\/v2\/comments?post=1834"}],"version-history":[{"count":8,"href":"https:\/\/kalisce.com\/blog\/wp-json\/wp\/v2\/posts\/1834\/revisions"}],"predecessor-version":[{"id":1837,"href":"https:\/\/kalisce.com\/blog\/wp-json\/wp\/v2\/posts\/1834\/revisions\/1837"}],"wp:attachment":[{"href":"https:\/\/kalisce.com\/blog\/wp-json\/wp\/v2\/media?parent=1834"}],"wp:term":[{"taxonomy":"category","embeddable":true,"href":"https:\/\/kalisce.com\/blog\/wp-json\/wp\/v2\/categories?post=1834"},{"taxonomy":"post_tag","embeddable":true,"href":"https:\/\/kalisce.com\/blog\/wp-json\/wp\/v2\/tags?post=1834"}],"curies":[{"name":"wp","href":"https:\/\/api.w.org\/{rel}","templated":true}]}}