{"id":1868,"date":"2011-03-21T12:53:39","date_gmt":"2011-03-21T11:53:39","guid":{"rendered":"http:\/\/kalisce.com\/blog\/?p=1868"},"modified":"2011-03-23T12:54:14","modified_gmt":"2011-03-23T11:54:14","slug":"jozefovo-2","status":"publish","type":"post","link":"https:\/\/kalisce.com\/blog\/2011\/03\/21\/jozefovo-2\/","title":{"rendered":"Jo\u017eefovo"},"content":{"rendered":"<div id=\"attachment_1869\" style=\"width: 359px\" class=\"wp-caption alignleft\"><a href=\"https:\/\/picasaweb.google.com\/rekar.marjan\/Kalisce2032011#\"><img loading=\"lazy\" decoding=\"async\" aria-describedby=\"caption-attachment-1869\" class=\"size-full wp-image-1869\" title=\"Kri\u017e na Stor\u017ei\u010du\" src=\"https:\/\/kalisce.com\/blog\/wp-content\/uploads\/2011\/03\/IMG_1018.jpg\" alt=\"Kri\u017e na Stor\u017ei\u010du\" width=\"349\" height=\"262\" srcset=\"https:\/\/kalisce.com\/blog\/wp-content\/uploads\/2011\/03\/IMG_1018.jpg 349w, https:\/\/kalisce.com\/blog\/wp-content\/uploads\/2011\/03\/IMG_1018-150x112.jpg 150w, https:\/\/kalisce.com\/blog\/wp-content\/uploads\/2011\/03\/IMG_1018-300x225.jpg 300w\" sizes=\"(max-width: 349px) 100vw, 349px\" \/><\/a><p id=\"caption-attachment-1869\" class=\"wp-caption-text\">Kri\u017e na Stor\u017ei\u010du<\/p><\/div>\n<p>Minuli teden je mo\u010dno de\u017eevje odneslo \u0161e zadnje ledene plo\u0161\u010de na stezah do <strong>Kali\u0161\u010da<\/strong>, vrh <strong>Stor\u017ei\u010da <\/strong>pa je pobelil sneg. Sne\u017eno idilo je dokumentiral stalni <strong>TZS<\/strong>, ki nas je v soboto obiskal preko <strong>Srednjega vrha<\/strong>, v vetrovni nedelji pa je ponovno osvojil <strong>Stor\u017ei\u010d <\/strong>(zadnji del galerije)<strong> <\/strong>\u2757<\/p>\n<p><strong>Jo\u017eefovo<\/strong> so poleg godovnikov slavili tudi ostali \ud83d\ude00<\/p>\n<p><a href=\"https:\/\/kalisce.com\/blog\/6-ur-kalisca\/\"><strong>6 ur Kali\u0161\u010da<\/strong><\/a> \u2013 zadnji dan za prijave je nedelja, 27. marca \u2757<\/p>\n<p><strong>Zanimivo: <a href=\"http:\/\/www.treking.si\/\">Slovenska treking liga<\/a><\/strong><\/p>\n<p><strong><a href=\"https:\/\/picasaweb.google.com\/rekar.marjan\/Kalisce2032011#\">Galerija<\/a><\/strong><\/p>\n<p><strong><strong><strong><strong><strong><strong><strong><strong><strong><strong><strong><strong><strong><strong><strong><strong><strong><strong><strong><strong><strong><strong><strong><strong><a href=\"https:\/\/kalisce.com\/blog\/vpisi\/2010\/200311.pdf\">KLJUKA \u2013 vpisi do 20. marca 2011<\/a><\/strong><\/strong><\/strong><\/strong><\/strong><\/strong><\/strong><\/strong><\/strong><\/strong><\/strong><\/strong><\/strong><\/strong><\/strong><\/strong><\/strong><\/strong><\/strong><\/strong><\/strong><\/strong><\/strong><\/strong><\/p>\n","protected":false},"excerpt":{"rendered":"<p>Minuli teden je mo\u010dno de\u017eevje odneslo \u0161e zadnje ledene plo\u0161\u010de na stezah do Kali\u0161\u010da, vrh Stor\u017ei\u010da pa je pobelil sneg. Sne\u017eno idilo je dokumentiral stalni TZS, ki nas je v soboto obiskal preko Srednjega vrha, v vetrovni nedelji pa je ponovno osvojil Stor\u017ei\u010d (zadnji del galerije) \u2757 Jo\u017eefovo so poleg godovnikov slavili tudi ostali \ud83d\ude00 [&hellip;]<\/p>\n","protected":false},"author":2,"featured_media":0,"comment_status":"open","ping_status":"open","sticky":false,"template":"","format":"standard","meta":{"footnotes":""},"categories":[9,8],"tags":[],"_links":{"self":[{"href":"https:\/\/kalisce.com\/blog\/wp-json\/wp\/v2\/posts\/1868"}],"collection":[{"href":"https:\/\/kalisce.com\/blog\/wp-json\/wp\/v2\/posts"}],"about":[{"href":"https:\/\/kalisce.com\/blog\/wp-json\/wp\/v2\/types\/post"}],"author":[{"embeddable":true,"href":"https:\/\/kalisce.com\/blog\/wp-json\/wp\/v2\/users\/2"}],"replies":[{"embeddable":true,"href":"https:\/\/kalisce.com\/blog\/wp-json\/wp\/v2\/comments?post=1868"}],"version-history":[{"count":7,"href":"https:\/\/kalisce.com\/blog\/wp-json\/wp\/v2\/posts\/1868\/revisions"}],"predecessor-version":[{"id":1871,"href":"https:\/\/kalisce.com\/blog\/wp-json\/wp\/v2\/posts\/1868\/revisions\/1871"}],"wp:attachment":[{"href":"https:\/\/kalisce.com\/blog\/wp-json\/wp\/v2\/media?parent=1868"}],"wp:term":[{"taxonomy":"category","embeddable":true,"href":"https:\/\/kalisce.com\/blog\/wp-json\/wp\/v2\/categories?post=1868"},{"taxonomy":"post_tag","embeddable":true,"href":"https:\/\/kalisce.com\/blog\/wp-json\/wp\/v2\/tags?post=1868"}],"curies":[{"name":"wp","href":"https:\/\/api.w.org\/{rel}","templated":true}]}}