{"id":1880,"date":"2011-03-28T12:17:51","date_gmt":"2011-03-28T11:17:51","guid":{"rendered":"http:\/\/kalisce.com\/blog\/?p=1880"},"modified":"2011-03-28T14:06:41","modified_gmt":"2011-03-28T13:06:41","slug":"konec-marca","status":"publish","type":"post","link":"https:\/\/kalisce.com\/blog\/2011\/03\/28\/konec-marca\/","title":{"rendered":"Konec marca"},"content":{"rendered":"<div id=\"attachment_1881\" style=\"width: 360px\" class=\"wp-caption alignleft\"><a href=\"https:\/\/picasaweb.google.com\/rekar.marjan\/Kalisce2732011#\"><img loading=\"lazy\" decoding=\"async\" aria-describedby=\"caption-attachment-1881\" class=\"size-full wp-image-1881\" title=\"Gondola :)\" src=\"https:\/\/kalisce.com\/blog\/wp-content\/uploads\/2011\/03\/IMG_3226.jpg\" alt=\"\u017di\u010dnica do Kali\u0161\u010da\" width=\"350\" height=\"263\" srcset=\"https:\/\/kalisce.com\/blog\/wp-content\/uploads\/2011\/03\/IMG_3226.jpg 350w, https:\/\/kalisce.com\/blog\/wp-content\/uploads\/2011\/03\/IMG_3226-150x112.jpg 150w, https:\/\/kalisce.com\/blog\/wp-content\/uploads\/2011\/03\/IMG_3226-300x225.jpg 300w\" sizes=\"(max-width: 350px) 100vw, 350px\" \/><\/a><p id=\"caption-attachment-1881\" class=\"wp-caption-text\">\u017di\u010dnica do Kali\u0161\u010da<\/p><\/div>\n<p>Za nami je \u0161e zadnji mar\u010devski vikend. Prijetno sobotno vreme smo izkoristili za dostavo \u017eivljensko pomembnih \u017eivil. \u0160e na tem mestu se zahvaljujem vsem, ki nam pomagajo pri transportu, posebna zahvala pa gre seveda <strong>Janezu <\/strong>v dolini, ki upravlja z na\u0161o \u017ei\u010dnico in ga nikoli ni na slikah \ud83d\ude00<\/p>\n<p>V soboto smo imeli poleg stalnih obiskovalcev \u0161e mno\u017eico &#8220;<strong>tujih<\/strong>&#8220;, ki so preplavili pobo\u010dja pod Stor\u017ei\u010dem. Megleno nedeljo so nekateri izkoristili za tradicionalni pohod na <strong>Porezen<\/strong>.<\/p>\n<p><strong>Stalni TZS<\/strong> je ponovno osvojil <strong>vrh Stor\u017ei\u010da<\/strong>, dokumentiral pa je tudi gorsko cvetje.<\/p>\n<p><strong><a href=\"https:\/\/kalisce.com\/blog\/6-ur-kalisca\/\">6 ur Kali\u0161\u010da<\/a><\/strong> &#8211;<strong> start v soboto ob 8:00<\/strong> \u2757<\/p>\n<p><strong><a href=\"https:\/\/picasaweb.google.com\/rekar.marjan\/Kalisce2732011#\">Galerija<\/a><\/strong><\/p>\n<p><strong><strong><strong><strong><strong><strong><strong><strong><strong><strong><strong><strong><strong><strong><strong><strong><strong><strong><strong><strong><strong><strong><strong><strong><strong><a href=\"https:\/\/kalisce.com\/blog\/vpisi\/2010\/270311.pdf\">KLJUKA \u2013 vpisi do 27. marca 2011<\/a><\/strong><\/strong><\/strong><\/strong><\/strong><\/strong><\/strong><\/strong><\/strong><\/strong><\/strong><\/strong><\/strong><\/strong><\/strong><\/strong><\/strong><\/strong><\/strong><\/strong><\/strong><\/strong><\/strong><\/strong><\/strong><\/p>\n","protected":false},"excerpt":{"rendered":"<p>Za nami je \u0161e zadnji mar\u010devski vikend. Prijetno sobotno vreme smo izkoristili za dostavo \u017eivljensko pomembnih \u017eivil. \u0160e na tem mestu se zahvaljujem vsem, ki nam pomagajo pri transportu, posebna zahvala pa gre seveda Janezu v dolini, ki upravlja z na\u0161o \u017ei\u010dnico in ga nikoli ni na slikah \ud83d\ude00 V soboto smo imeli poleg stalnih [&hellip;]<\/p>\n","protected":false},"author":2,"featured_media":0,"comment_status":"open","ping_status":"open","sticky":false,"template":"","format":"standard","meta":{"footnotes":""},"categories":[9,8],"tags":[],"_links":{"self":[{"href":"https:\/\/kalisce.com\/blog\/wp-json\/wp\/v2\/posts\/1880"}],"collection":[{"href":"https:\/\/kalisce.com\/blog\/wp-json\/wp\/v2\/posts"}],"about":[{"href":"https:\/\/kalisce.com\/blog\/wp-json\/wp\/v2\/types\/post"}],"author":[{"embeddable":true,"href":"https:\/\/kalisce.com\/blog\/wp-json\/wp\/v2\/users\/2"}],"replies":[{"embeddable":true,"href":"https:\/\/kalisce.com\/blog\/wp-json\/wp\/v2\/comments?post=1880"}],"version-history":[{"count":3,"href":"https:\/\/kalisce.com\/blog\/wp-json\/wp\/v2\/posts\/1880\/revisions"}],"predecessor-version":[{"id":1883,"href":"https:\/\/kalisce.com\/blog\/wp-json\/wp\/v2\/posts\/1880\/revisions\/1883"}],"wp:attachment":[{"href":"https:\/\/kalisce.com\/blog\/wp-json\/wp\/v2\/media?parent=1880"}],"wp:term":[{"taxonomy":"category","embeddable":true,"href":"https:\/\/kalisce.com\/blog\/wp-json\/wp\/v2\/categories?post=1880"},{"taxonomy":"post_tag","embeddable":true,"href":"https:\/\/kalisce.com\/blog\/wp-json\/wp\/v2\/tags?post=1880"}],"curies":[{"name":"wp","href":"https:\/\/api.w.org\/{rel}","templated":true}]}}