{"id":1950,"date":"2011-04-26T05:48:56","date_gmt":"2011-04-26T04:48:56","guid":{"rendered":"http:\/\/kalisce.com\/blog\/?p=1950"},"modified":"2011-04-26T16:28:15","modified_gmt":"2011-04-26T15:28:15","slug":"velika-noc-zadnji-vpis","status":"publish","type":"post","link":"https:\/\/kalisce.com\/blog\/2011\/04\/26\/velika-noc-zadnji-vpis\/","title":{"rendered":"Velika no\u010d &#8211; zadnji vpis"},"content":{"rendered":"<div id=\"attachment_1951\" style=\"width: 360px\" class=\"wp-caption alignleft\"><a href=\"https:\/\/picasaweb.google.com\/rekar.marjan\/Kalisce2542011VelikaNoc#\"><img loading=\"lazy\" decoding=\"async\" aria-describedby=\"caption-attachment-1951\" class=\"size-full wp-image-1951 \" title=\"Veselje na Stor\u017ei\u010du ob zadnjem vpisu :D\" src=\"https:\/\/kalisce.com\/blog\/wp-content\/uploads\/2011\/04\/IMG_0488.jpg\" alt=\"Veselje na Stor\u017ei\u010du ob zadnjem vpisu :D\" width=\"350\" height=\"263\" srcset=\"https:\/\/kalisce.com\/blog\/wp-content\/uploads\/2011\/04\/IMG_0488.jpg 350w, https:\/\/kalisce.com\/blog\/wp-content\/uploads\/2011\/04\/IMG_0488-150x112.jpg 150w, https:\/\/kalisce.com\/blog\/wp-content\/uploads\/2011\/04\/IMG_0488-300x225.jpg 300w\" sizes=\"(max-width: 350px) 100vw, 350px\" \/><\/a><p id=\"caption-attachment-1951\" class=\"wp-caption-text\">Veselje na Stor\u017ei\u010du ob zadnjem vpisu \ud83d\ude00<\/p><\/div>\n<p><strong>Zadnji vpis za KLJUKE<\/strong> v sezoni 2010\/2011 je bil tokrat na <strong>Velikono\u010dni ponedeljek<\/strong>. Podalj\u0161ani vikend je bil zelo pester. Med ostalimi veselimi dogodki, ki so spremljali uspe\u0161no zaklju\u010deno sezono, je bilo tudi nekaj resnej\u0161ih stvari. <strong>Miha K. <\/strong>je imel pri padcu pod vrhom Stor\u017ei\u010da sre\u010do v nesre\u010di in jo je odnesel le z nekaj \u0161ivi in potpludbami (v paketu je bil \u0161e prevoz s helikopterjem &#8211; <strong><a href=\"http:\/\/www.youtube.com\/watch?v=vy-sRlfzHXM\">film<\/a><\/strong>).<\/p>\n<p>Na kratko: sonce, prva nevihta, potice, pirhi, prate, torti, harmonika,&#8230;., veselica ob zaklju\u010deni sezoni \ud83d\ude00<\/p>\n<p>Vsem hvala za pirhe in ostale velikono\u010dne dobrote!<\/p>\n<p>Na <strong>Kali\u0161\u010de <\/strong>je v ponedeljek pri\u0161el tudi <strong><a href=\"https:\/\/picasaweb.google.com\/rekar.marjan\/Kalisce2542011VelikaNoc#5599744779791176162\">Ivan <\/a><\/strong>&#8211; pozimi je dopolnil 81 let in je najstarej\u0161i \u010dlan kluba KLJUKA!!!<\/p>\n<p><strong><a href=\"https:\/\/picasaweb.google.com\/rekar.marjan\/Kalisce2542011VelikaNoc#5599744596112296994\">Janez <\/a><\/strong>je prispeval drugi del galerije 8)<br \/>\n<strong>Lepo &#8211; lep\u0161e &#8211; vrh Stor\u017ei\u010da <\/strong>\u2757<\/p>\n<p><strong><a href=\"https:\/\/picasaweb.google.com\/rekar.marjan\/Kalisce2542011VelikaNoc#\">Galerija<\/a><\/strong><\/p>\n<p><strong><a href=\"http:\/\/www.youtube.com\/watch?v=vy-sRlfzHXM\">Film<\/a><\/strong><\/p>\n<p><strong><strong><strong><strong><strong><strong><strong><strong><strong><strong><strong><strong><strong><strong><strong><strong><strong><strong><strong><strong><strong><strong><strong><strong><strong><strong><strong><strong><strong><a href=\"https:\/\/kalisce.com\/blog\/vpisi\/2010\/250411.pdf\">KLJUKA \u2013 vpisi\u00a0v sezoni 2010\/2011<\/a><\/strong><\/strong><\/strong><\/strong><\/strong><\/strong><\/strong><\/strong><\/strong><\/strong><\/strong><\/strong><\/strong><\/strong><\/strong><\/strong><\/strong><\/strong><\/strong><\/strong><\/strong><\/strong><\/strong><\/strong><\/strong><\/strong><\/strong><\/strong><\/strong><\/p>\n<p><strong><a href=\"https:\/\/kalisce.com\/blog\/vpisi\/2010\/ekipno10-11.pdf\">Rezultati &#8211; ekipe<\/a><\/strong><\/p>\n<p><strong><a href=\"https:\/\/kalisce.com\/blog\/kljuka\/\">Statistika po 14 sezonah<\/a> &#8211; prosim, da me opozorite na napake<\/strong><\/p>\n","protected":false},"excerpt":{"rendered":"<p>Zadnji vpis za KLJUKE v sezoni 2010\/2011 je bil tokrat na Velikono\u010dni ponedeljek. Podalj\u0161ani vikend je bil zelo pester. Med ostalimi veselimi dogodki, ki so spremljali uspe\u0161no zaklju\u010deno sezono, je bilo tudi nekaj resnej\u0161ih stvari. Miha K. je imel pri padcu pod vrhom Stor\u017ei\u010da sre\u010do v nesre\u010di in jo je odnesel le z nekaj \u0161ivi [&hellip;]<\/p>\n","protected":false},"author":2,"featured_media":0,"comment_status":"open","ping_status":"open","sticky":false,"template":"","format":"standard","meta":{"footnotes":""},"categories":[9,8],"tags":[],"_links":{"self":[{"href":"https:\/\/kalisce.com\/blog\/wp-json\/wp\/v2\/posts\/1950"}],"collection":[{"href":"https:\/\/kalisce.com\/blog\/wp-json\/wp\/v2\/posts"}],"about":[{"href":"https:\/\/kalisce.com\/blog\/wp-json\/wp\/v2\/types\/post"}],"author":[{"embeddable":true,"href":"https:\/\/kalisce.com\/blog\/wp-json\/wp\/v2\/users\/2"}],"replies":[{"embeddable":true,"href":"https:\/\/kalisce.com\/blog\/wp-json\/wp\/v2\/comments?post=1950"}],"version-history":[{"count":11,"href":"https:\/\/kalisce.com\/blog\/wp-json\/wp\/v2\/posts\/1950\/revisions"}],"predecessor-version":[{"id":1953,"href":"https:\/\/kalisce.com\/blog\/wp-json\/wp\/v2\/posts\/1950\/revisions\/1953"}],"wp:attachment":[{"href":"https:\/\/kalisce.com\/blog\/wp-json\/wp\/v2\/media?parent=1950"}],"wp:term":[{"taxonomy":"category","embeddable":true,"href":"https:\/\/kalisce.com\/blog\/wp-json\/wp\/v2\/categories?post=1950"},{"taxonomy":"post_tag","embeddable":true,"href":"https:\/\/kalisce.com\/blog\/wp-json\/wp\/v2\/tags?post=1950"}],"curies":[{"name":"wp","href":"https:\/\/api.w.org\/{rel}","templated":true}]}}