{"id":1975,"date":"2011-05-03T11:24:16","date_gmt":"2011-05-03T10:24:16","guid":{"rendered":"http:\/\/kalisce.com\/blog\/?p=1975"},"modified":"2011-05-13T10:54:39","modified_gmt":"2011-05-13T09:54:39","slug":"zivel-1-maj","status":"publish","type":"post","link":"https:\/\/kalisce.com\/blog\/2011\/05\/03\/zivel-1-maj\/","title":{"rendered":"\u017divel 1. maj!"},"content":{"rendered":"<div id=\"attachment_1976\" style=\"width: 360px\" class=\"wp-caption alignleft\"><a href=\"https:\/\/picasaweb.google.com\/rekar.marjan\/Kalisce1Maj2011#\"><img loading=\"lazy\" decoding=\"async\" aria-describedby=\"caption-attachment-1976\" class=\"size-full wp-image-1976 \" title=\"Prvomajska\" src=\"https:\/\/kalisce.com\/blog\/wp-content\/uploads\/2011\/05\/IMG_3701.jpg\" alt=\"Prvomajska\" width=\"350\" height=\"273\" srcset=\"https:\/\/kalisce.com\/blog\/wp-content\/uploads\/2011\/05\/IMG_3701.jpg 350w, https:\/\/kalisce.com\/blog\/wp-content\/uploads\/2011\/05\/IMG_3701-150x117.jpg 150w, https:\/\/kalisce.com\/blog\/wp-content\/uploads\/2011\/05\/IMG_3701-300x234.jpg 300w\" sizes=\"(max-width: 350px) 100vw, 350px\" \/><\/a><p id=\"caption-attachment-1976\" class=\"wp-caption-text\">Prvomajska<\/p><\/div>\n<p>Za nami so <strong>prvomajski <\/strong>prazniki, hkrati pa \u0161e prvi vikend po zaklju\u010denem vpisovanju za KLJUKE.<\/p>\n<p>Praznik smo za\u010dinili z dvema kresovoma: tradicionalnemu <strong>na Kali\u0161\u010du <\/strong>smo dodali \u0161e enega na <strong>vrhu Stor\u017ei\u010da. <\/strong>\u010ceprav smo imeli skoraj vse dni oblake in nevihte, je bilo v \u010dasu kresov lepo, tako da smo lahko opazovali mno\u017eico kresov v dolini &#8211; iz doline pa na\u0161a dva \ud83d\ude00 Menda smo bili opazovani od Radovljice, Bleda preko \u0160kofje Loke do Dom\u017eal \ud83d\ude2f<\/p>\n<p><strong>Primo\u017e <\/strong>je prispeval slike kresovanja na vrhu Stor\u017ei\u010da.<\/p>\n<p><strong><span style=\"color: #ff0000;\">Zaklju\u010dna veselica za KLJUKE bo v soboto, 14. maja 2011!<br \/>\nZa\u010detek programa (s fotografiranjem, hrano, pija\u010do in govorom) bo ob 10:00.<\/span><\/strong><\/p>\n<p><strong><span style=\"color: #ff0000;\">Zbor za skupinski pohod na Kali\u0161\u010de bo ob 7:00 na parkiri\u0161\u010du.<\/span><\/strong><\/p>\n<p><strong><a href=\"https:\/\/picasaweb.google.com\/rekar.marjan\/Kalisce1Maj2011#\">Galerija<\/a><\/strong><\/p>\n","protected":false},"excerpt":{"rendered":"<p>Za nami so prvomajski prazniki, hkrati pa \u0161e prvi vikend po zaklju\u010denem vpisovanju za KLJUKE. Praznik smo za\u010dinili z dvema kresovoma: tradicionalnemu na Kali\u0161\u010du smo dodali \u0161e enega na vrhu Stor\u017ei\u010da. \u010ceprav smo imeli skoraj vse dni oblake in nevihte, je bilo v \u010dasu kresov lepo, tako da smo lahko opazovali mno\u017eico kresov v dolini [&hellip;]<\/p>\n","protected":false},"author":2,"featured_media":0,"comment_status":"open","ping_status":"open","sticky":false,"template":"","format":"standard","meta":{"footnotes":""},"categories":[9,5],"tags":[],"_links":{"self":[{"href":"https:\/\/kalisce.com\/blog\/wp-json\/wp\/v2\/posts\/1975"}],"collection":[{"href":"https:\/\/kalisce.com\/blog\/wp-json\/wp\/v2\/posts"}],"about":[{"href":"https:\/\/kalisce.com\/blog\/wp-json\/wp\/v2\/types\/post"}],"author":[{"embeddable":true,"href":"https:\/\/kalisce.com\/blog\/wp-json\/wp\/v2\/users\/2"}],"replies":[{"embeddable":true,"href":"https:\/\/kalisce.com\/blog\/wp-json\/wp\/v2\/comments?post=1975"}],"version-history":[{"count":11,"href":"https:\/\/kalisce.com\/blog\/wp-json\/wp\/v2\/posts\/1975\/revisions"}],"predecessor-version":[{"id":1985,"href":"https:\/\/kalisce.com\/blog\/wp-json\/wp\/v2\/posts\/1975\/revisions\/1985"}],"wp:attachment":[{"href":"https:\/\/kalisce.com\/blog\/wp-json\/wp\/v2\/media?parent=1975"}],"wp:term":[{"taxonomy":"category","embeddable":true,"href":"https:\/\/kalisce.com\/blog\/wp-json\/wp\/v2\/categories?post=1975"},{"taxonomy":"post_tag","embeddable":true,"href":"https:\/\/kalisce.com\/blog\/wp-json\/wp\/v2\/tags?post=1975"}],"curies":[{"name":"wp","href":"https:\/\/api.w.org\/{rel}","templated":true}]}}