{"id":1989,"date":"2011-05-09T07:43:38","date_gmt":"2011-05-09T06:43:38","guid":{"rendered":"http:\/\/kalisce.com\/blog\/?p=1989"},"modified":"2011-05-11T12:12:53","modified_gmt":"2011-05-11T11:12:53","slug":"pred-zakljuckom","status":"publish","type":"post","link":"https:\/\/kalisce.com\/blog\/2011\/05\/09\/pred-zakljuckom\/","title":{"rendered":"Pred zaklju\u010dkom"},"content":{"rendered":"<div id=\"attachment_1990\" style=\"width: 360px\" class=\"wp-caption alignleft\"><a href=\"https:\/\/picasaweb.google.com\/rekar.marjan\/Kalisce852011#\"><img loading=\"lazy\" decoding=\"async\" aria-describedby=\"caption-attachment-1990\" class=\"size-full wp-image-1990\" title=\"Ru\u0161ovc za ko\u010do\" src=\"https:\/\/kalisce.com\/blog\/wp-content\/uploads\/2011\/05\/IMG_0269.jpg\" alt=\"Ru\u0161ovc za ko\u010do\" width=\"350\" height=\"354\" srcset=\"https:\/\/kalisce.com\/blog\/wp-content\/uploads\/2011\/05\/IMG_0269.jpg 350w, https:\/\/kalisce.com\/blog\/wp-content\/uploads\/2011\/05\/IMG_0269-148x150.jpg 148w, https:\/\/kalisce.com\/blog\/wp-content\/uploads\/2011\/05\/IMG_0269-296x300.jpg 296w\" sizes=\"(max-width: 350px) 100vw, 350px\" \/><\/a><p id=\"caption-attachment-1990\" class=\"wp-caption-text\">Ru\u0161ovc za ko\u010do<\/p><\/div>\n<p>Minuli vikend smo imeli \u017ee pravo poletno vreme. Preve\u010d pogumni so \u017ee ob\u010dutili mo\u010d sonca v gorah &#8211; nikar se preve\u010d ne izpostavljajte \ud83d\udc7f<\/p>\n<p>Ju\u017ena pobo\u010dja Stor\u017ei\u010da so \u017ee popolnoma kopna, <strong>na severni strani pa so \u0161e zimske razmere! <\/strong>Brez cepina in derez ne gre.<\/p>\n<p>Nedeljsko jutro je bilo v znamenju <strong>Andrejeve diplome <\/strong>&#8211; \u0161e enkrat \u010destitke \u2757<\/p>\n<p><strong>Janez <\/strong>je prispeval zadnji del galerije &#8211; Stor\u017ei\u010d, divji petelin, sonce,&#8230;<\/p>\n<p>Na <strong>Kali\u0161\u010du <\/strong>imamo \u017ee vse pripravljeno za zaklju\u010dno veselico.<\/p>\n<p>V petek berite <strong><a href=\"http:\/\/www.gorenjskiglas.si\/\">Gorenjski glas<\/a><\/strong> \u2757<\/p>\n<p><strong><a href=\"https:\/\/picasaweb.google.com\/rekar.marjan\/Kalisce852011#\">Galerija<\/a><\/strong><\/p>\n<p><strong><span style=\"color: #ff0000;\">OBVESTILO<\/span><\/strong><\/p>\n<p><strong><span style=\"color: #ff0000;\">Zaklju\u010dna veselica bo v SOBOTO, 14. MAJA 2011!<\/span><\/strong><\/p>\n<p><strong><span style=\"color: #ff0000;\">Za\u010detek programa bo ob 10:00!<\/span><\/strong><\/p>\n<p><strong><span style=\"color: #ff0000;\">Zbor za skupinski pohod bo ob 7:00 na parkiri\u0161\u010du.<\/span><\/strong><\/p>\n<p><span style=\"color: #ff0000;\"><strong>Obvestilo posredujte naprej! Hvala!<\/strong><\/span><\/p>\n<p><strong><span style=\"color: #ff0000;\">Lepo vabljeni!<\/span><\/strong><\/p>\n","protected":false},"excerpt":{"rendered":"<p>Minuli vikend smo imeli \u017ee pravo poletno vreme. Preve\u010d pogumni so \u017ee ob\u010dutili mo\u010d sonca v gorah &#8211; nikar se preve\u010d ne izpostavljajte \ud83d\udc7f Ju\u017ena pobo\u010dja Stor\u017ei\u010da so \u017ee popolnoma kopna, na severni strani pa so \u0161e zimske razmere! Brez cepina in derez ne gre. Nedeljsko jutro je bilo v znamenju Andrejeve diplome &#8211; \u0161e [&hellip;]<\/p>\n","protected":false},"author":2,"featured_media":0,"comment_status":"open","ping_status":"open","sticky":false,"template":"","format":"standard","meta":{"footnotes":""},"categories":[9],"tags":[],"_links":{"self":[{"href":"https:\/\/kalisce.com\/blog\/wp-json\/wp\/v2\/posts\/1989"}],"collection":[{"href":"https:\/\/kalisce.com\/blog\/wp-json\/wp\/v2\/posts"}],"about":[{"href":"https:\/\/kalisce.com\/blog\/wp-json\/wp\/v2\/types\/post"}],"author":[{"embeddable":true,"href":"https:\/\/kalisce.com\/blog\/wp-json\/wp\/v2\/users\/2"}],"replies":[{"embeddable":true,"href":"https:\/\/kalisce.com\/blog\/wp-json\/wp\/v2\/comments?post=1989"}],"version-history":[{"count":9,"href":"https:\/\/kalisce.com\/blog\/wp-json\/wp\/v2\/posts\/1989\/revisions"}],"predecessor-version":[{"id":1993,"href":"https:\/\/kalisce.com\/blog\/wp-json\/wp\/v2\/posts\/1989\/revisions\/1993"}],"wp:attachment":[{"href":"https:\/\/kalisce.com\/blog\/wp-json\/wp\/v2\/media?parent=1989"}],"wp:term":[{"taxonomy":"category","embeddable":true,"href":"https:\/\/kalisce.com\/blog\/wp-json\/wp\/v2\/categories?post=1989"},{"taxonomy":"post_tag","embeddable":true,"href":"https:\/\/kalisce.com\/blog\/wp-json\/wp\/v2\/tags?post=1989"}],"curies":[{"name":"wp","href":"https:\/\/api.w.org\/{rel}","templated":true}]}}