{"id":2003,"date":"2011-05-14T13:55:03","date_gmt":"2011-05-14T12:55:03","guid":{"rendered":"http:\/\/kalisce.com\/blog\/?p=2003"},"modified":"2011-05-18T06:44:14","modified_gmt":"2011-05-18T05:44:14","slug":"zakljucek-2011","status":"publish","type":"post","link":"https:\/\/kalisce.com\/blog\/2011\/05\/14\/zakljucek-2011\/","title":{"rendered":"Zaklju\u010dek 2011"},"content":{"rendered":"<div id=\"attachment_2004\" style=\"width: 560px\" class=\"wp-caption alignnone\"><a href=\"https:\/\/picasaweb.google.com\/rekar.marjan\/KalisceZakljucek1452011#\"><img loading=\"lazy\" decoding=\"async\" aria-describedby=\"caption-attachment-2004\" class=\"size-full wp-image-2004  \" title=\"IMG_3586_mala\" src=\"https:\/\/kalisce.com\/blog\/wp-content\/uploads\/2011\/05\/IMG_3586_mala1.jpg\" alt=\"\" width=\"550\" height=\"370\" \/><\/a><p id=\"caption-attachment-2004\" class=\"wp-caption-text\">Skupinska fotografija 2011<\/p><\/div>\n<p><strong>\u0160tirinajsta sezona za KLJUKE je kon\u010dana!<\/strong><\/p>\n<p>Zaklju\u010dno veselico smo zaradi groze\u010de vremenske napovedi prestavili z nedelje na soboto, kar se je v nedeljskem sne\u017enem mete\u017eu izkazalo za pametno odlo\u010ditev \ud83d\udca1<\/p>\n<p><strong><a href=\"https:\/\/picasaweb.google.com\/rekar.marjan\/KalisceZakljucek1452011#\">Galerija <\/a><\/strong>&#8211; zelo obse\u017ena galerija slik najve\u010d pove.<\/p>\n<p><strong><a href=\"https:\/\/kalisce.com\/blog\/skupinska_2011.jpg\">Gasilska fotografija<\/a> &#8211; velika 5 MB<\/strong><\/p>\n<p><strong><a href=\"http:\/\/www.youtube.com\/watch?v=GRR-knfjnc0\">Film<\/a><\/strong><\/p>\n<p><strong>HVALA \u00a0na\u0161im vrtnarjem za torto, hvala vsem za dobro voljo, najlep\u0161e pa se zahvaljujemo vsem, ki ste nam kakorkoli pomagali \u2757 <\/strong><\/p>\n<p><strong>Marjan, Irena in Miha<\/strong><\/p>\n","protected":false},"excerpt":{"rendered":"<p>\u0160tirinajsta sezona za KLJUKE je kon\u010dana! Zaklju\u010dno veselico smo zaradi groze\u010de vremenske napovedi prestavili z nedelje na soboto, kar se je v nedeljskem sne\u017enem mete\u017eu izkazalo za pametno odlo\u010ditev \ud83d\udca1 Galerija &#8211; zelo obse\u017ena galerija slik najve\u010d pove. Gasilska fotografija &#8211; velika 5 MB Film HVALA \u00a0na\u0161im vrtnarjem za torto, hvala vsem za dobro voljo, [&hellip;]<\/p>\n","protected":false},"author":2,"featured_media":0,"comment_status":"open","ping_status":"open","sticky":false,"template":"","format":"standard","meta":{"footnotes":""},"categories":[9,8],"tags":[],"_links":{"self":[{"href":"https:\/\/kalisce.com\/blog\/wp-json\/wp\/v2\/posts\/2003"}],"collection":[{"href":"https:\/\/kalisce.com\/blog\/wp-json\/wp\/v2\/posts"}],"about":[{"href":"https:\/\/kalisce.com\/blog\/wp-json\/wp\/v2\/types\/post"}],"author":[{"embeddable":true,"href":"https:\/\/kalisce.com\/blog\/wp-json\/wp\/v2\/users\/2"}],"replies":[{"embeddable":true,"href":"https:\/\/kalisce.com\/blog\/wp-json\/wp\/v2\/comments?post=2003"}],"version-history":[{"count":8,"href":"https:\/\/kalisce.com\/blog\/wp-json\/wp\/v2\/posts\/2003\/revisions"}],"predecessor-version":[{"id":2006,"href":"https:\/\/kalisce.com\/blog\/wp-json\/wp\/v2\/posts\/2003\/revisions\/2006"}],"wp:attachment":[{"href":"https:\/\/kalisce.com\/blog\/wp-json\/wp\/v2\/media?parent=2003"}],"wp:term":[{"taxonomy":"category","embeddable":true,"href":"https:\/\/kalisce.com\/blog\/wp-json\/wp\/v2\/categories?post=2003"},{"taxonomy":"post_tag","embeddable":true,"href":"https:\/\/kalisce.com\/blog\/wp-json\/wp\/v2\/tags?post=2003"}],"curies":[{"name":"wp","href":"https:\/\/api.w.org\/{rel}","templated":true}]}}