{"id":2026,"date":"2011-06-14T17:09:23","date_gmt":"2011-06-14T16:09:23","guid":{"rendered":"http:\/\/kalisce.com\/blog\/?p=2026"},"modified":"2011-06-14T17:09:23","modified_gmt":"2011-06-14T16:09:23","slug":"drugi-pohod-lubadarjev","status":"publish","type":"post","link":"https:\/\/kalisce.com\/blog\/2011\/06\/14\/drugi-pohod-lubadarjev\/","title":{"rendered":"Drugi pohod Lubadarjev"},"content":{"rendered":"<div id=\"attachment_2027\" style=\"width: 360px\" class=\"wp-caption alignleft\"><a href=\"https:\/\/picasaweb.google.com\/rekar.marjan\/2PohodLubadarjev\"><img loading=\"lazy\" decoding=\"async\" aria-describedby=\"caption-attachment-2027\" class=\"size-full wp-image-2027 \" title=\"Pod Zvohom\" src=\"https:\/\/kalisce.com\/blog\/wp-content\/uploads\/2011\/06\/IMG_4341.jpg\" alt=\"Pod Zvohom\" width=\"350\" height=\"228\" srcset=\"https:\/\/kalisce.com\/blog\/wp-content\/uploads\/2011\/06\/IMG_4341.jpg 350w, https:\/\/kalisce.com\/blog\/wp-content\/uploads\/2011\/06\/IMG_4341-150x97.jpg 150w, https:\/\/kalisce.com\/blog\/wp-content\/uploads\/2011\/06\/IMG_4341-300x195.jpg 300w\" sizes=\"(max-width: 350px) 100vw, 350px\" \/><\/a><p id=\"caption-attachment-2027\" class=\"wp-caption-text\">Pod Zvohom<\/p><\/div>\n<p>V nedeljo, 12. junija 2011, so <strong>Lubadarji <\/strong>(v civilu so \u010dlani kluba KLJUKA) organizirali tradicionalni drugi pohod okoli Krvavca.<\/p>\n<p>Vi\u0161insko rekreacijo smo popoldan zaklju\u010dili z dru\u017einskim piknikom na Re\u0161etovem ran\u010du.<\/p>\n<p><strong><a href=\"https:\/\/picasaweb.google.com\/rekar.marjan\/2PohodLubadarjev\">Galerija I<\/a> <\/strong>&#8211; okoli Krvavca<\/p>\n<p><strong><a href=\"https:\/\/picasaweb.google.com\/116709056934641595776\/Pohod_Krvavec_12_6_2011\">Galerija II <\/a><\/strong>&#8211; Lubadarji<\/p>\n<p><strong><a href=\"http:\/\/www.lubadarji.net\/pohod_krvavec_02-10.html#pohod\">Lubadarji <\/a><\/strong>&#8211; doma\u010da stran<\/p>\n","protected":false},"excerpt":{"rendered":"<p>V nedeljo, 12. junija 2011, so Lubadarji (v civilu so \u010dlani kluba KLJUKA) organizirali tradicionalni drugi pohod okoli Krvavca. Vi\u0161insko rekreacijo smo popoldan zaklju\u010dili z dru\u017einskim piknikom na Re\u0161etovem ran\u010du. Galerija I &#8211; okoli Krvavca Galerija II &#8211; Lubadarji Lubadarji &#8211; doma\u010da stran<\/p>\n","protected":false},"author":2,"featured_media":0,"comment_status":"open","ping_status":"open","sticky":false,"template":"","format":"standard","meta":{"footnotes":""},"categories":[11,5],"tags":[],"_links":{"self":[{"href":"https:\/\/kalisce.com\/blog\/wp-json\/wp\/v2\/posts\/2026"}],"collection":[{"href":"https:\/\/kalisce.com\/blog\/wp-json\/wp\/v2\/posts"}],"about":[{"href":"https:\/\/kalisce.com\/blog\/wp-json\/wp\/v2\/types\/post"}],"author":[{"embeddable":true,"href":"https:\/\/kalisce.com\/blog\/wp-json\/wp\/v2\/users\/2"}],"replies":[{"embeddable":true,"href":"https:\/\/kalisce.com\/blog\/wp-json\/wp\/v2\/comments?post=2026"}],"version-history":[{"count":2,"href":"https:\/\/kalisce.com\/blog\/wp-json\/wp\/v2\/posts\/2026\/revisions"}],"predecessor-version":[{"id":2029,"href":"https:\/\/kalisce.com\/blog\/wp-json\/wp\/v2\/posts\/2026\/revisions\/2029"}],"wp:attachment":[{"href":"https:\/\/kalisce.com\/blog\/wp-json\/wp\/v2\/media?parent=2026"}],"wp:term":[{"taxonomy":"category","embeddable":true,"href":"https:\/\/kalisce.com\/blog\/wp-json\/wp\/v2\/categories?post=2026"},{"taxonomy":"post_tag","embeddable":true,"href":"https:\/\/kalisce.com\/blog\/wp-json\/wp\/v2\/tags?post=2026"}],"curies":[{"name":"wp","href":"https:\/\/api.w.org\/{rel}","templated":true}]}}