{"id":2030,"date":"2011-06-19T09:56:02","date_gmt":"2011-06-19T08:56:02","guid":{"rendered":"http:\/\/kalisce.com\/blog\/?p=2030"},"modified":"2011-06-21T12:38:36","modified_gmt":"2011-06-21T11:38:36","slug":"maraton-stirih-obcin-2011","status":"publish","type":"post","link":"https:\/\/kalisce.com\/blog\/2011\/06\/19\/maraton-stirih-obcin-2011\/","title":{"rendered":"Maraton \u0161tirih ob\u010din 2011"},"content":{"rendered":"<div id=\"attachment_2031\" style=\"width: 360px\" class=\"wp-caption alignleft\"><a href=\"https:\/\/picasaweb.google.com\/rekar.marjan\/Maraton4Obcine2011\"><img loading=\"lazy\" decoding=\"async\" aria-describedby=\"caption-attachment-2031\" class=\"size-full wp-image-2031  \" title=\"Pred ciljem :)\" src=\"https:\/\/kalisce.com\/blog\/wp-content\/uploads\/2011\/06\/IMG_4798.jpg\" alt=\"Pred ciljem :)\" width=\"350\" height=\"286\" srcset=\"https:\/\/kalisce.com\/blog\/wp-content\/uploads\/2011\/06\/IMG_4798.jpg 350w, https:\/\/kalisce.com\/blog\/wp-content\/uploads\/2011\/06\/IMG_4798-150x122.jpg 150w, https:\/\/kalisce.com\/blog\/wp-content\/uploads\/2011\/06\/IMG_4798-300x245.jpg 300w\" sizes=\"(max-width: 350px) 100vw, 350px\" \/><\/a><p id=\"caption-attachment-2031\" class=\"wp-caption-text\">Pred ciljem \ud83d\ude42<\/p><\/div>\n<p>V soboto, 18. junija 2011, smo se \u0161tevilni redni obiskovalci Kali\u0161\u010da udele\u017eili <strong><a href=\"http:\/\/wmra.gm4o.si\/\">10. gorskega maratona \u0161tirih ob\u010din<\/a><\/strong>, ki je bil hkrati tudi <strong>8. svetovno prvenstvo<\/strong> v gorskem maratonu.<\/p>\n<p>Tik pred startom je progo nekoliko namo\u010dil de\u017e, vendar le toliko, da se ni kadilo za nami \ud83d\ude42<\/p>\n<p><strong>Pogoji \u00a0na progi, izvedba tekmovanja, vzdu\u0161je prej in kasneje&#8230; vse super<\/strong> \u2757<\/p>\n<p>Tokrat sem bil dobesedno lete\u010di reporter \ud83d\ude00<\/p>\n<p><strong><a href=\"https:\/\/picasaweb.google.com\/rekar.marjan\/Maraton4Obcine2011\">Galerija I<\/a><\/strong> &#8211; na progi<\/p>\n<p><strong><a href=\"http:\/\/www.facebook.com\/media\/set\/?set=a.10150205309913002.320776.12210258001\">Galerija II<\/a><\/strong> &#8211; Miha<\/p>\n<p><strong><a href=\"http:\/\/www.facebook.com\/media\/set\/?set=a.10150205310633002.320777.12210258001\">Galerija III<\/a><\/strong> &#8211; Miha<\/p>\n<p><strong><a href=\"http:\/\/www.facebook.com\/media\/set\/?set=a.10150205310798002.320778.12210258001\">Galerija IV<\/a><\/strong> &#8211; Miha<\/p>\n<p><strong><a href=\"http:\/\/www.youtube.com\/watch?v=Co_DWsjqF_o\">Film<\/a><\/strong><\/p>\n","protected":false},"excerpt":{"rendered":"<p>V soboto, 18. junija 2011, smo se \u0161tevilni redni obiskovalci Kali\u0161\u010da udele\u017eili 10. gorskega maratona \u0161tirih ob\u010din, ki je bil hkrati tudi 8. svetovno prvenstvo v gorskem maratonu. Tik pred startom je progo nekoliko namo\u010dil de\u017e, vendar le toliko, da se ni kadilo za nami \ud83d\ude42 Pogoji \u00a0na progi, izvedba tekmovanja, vzdu\u0161je prej in kasneje&#8230; [&hellip;]<\/p>\n","protected":false},"author":2,"featured_media":0,"comment_status":"open","ping_status":"open","sticky":false,"template":"","format":"standard","meta":{"footnotes":""},"categories":[5],"tags":[],"_links":{"self":[{"href":"https:\/\/kalisce.com\/blog\/wp-json\/wp\/v2\/posts\/2030"}],"collection":[{"href":"https:\/\/kalisce.com\/blog\/wp-json\/wp\/v2\/posts"}],"about":[{"href":"https:\/\/kalisce.com\/blog\/wp-json\/wp\/v2\/types\/post"}],"author":[{"embeddable":true,"href":"https:\/\/kalisce.com\/blog\/wp-json\/wp\/v2\/users\/2"}],"replies":[{"embeddable":true,"href":"https:\/\/kalisce.com\/blog\/wp-json\/wp\/v2\/comments?post=2030"}],"version-history":[{"count":7,"href":"https:\/\/kalisce.com\/blog\/wp-json\/wp\/v2\/posts\/2030\/revisions"}],"predecessor-version":[{"id":2033,"href":"https:\/\/kalisce.com\/blog\/wp-json\/wp\/v2\/posts\/2030\/revisions\/2033"}],"wp:attachment":[{"href":"https:\/\/kalisce.com\/blog\/wp-json\/wp\/v2\/media?parent=2030"}],"wp:term":[{"taxonomy":"category","embeddable":true,"href":"https:\/\/kalisce.com\/blog\/wp-json\/wp\/v2\/categories?post=2030"},{"taxonomy":"post_tag","embeddable":true,"href":"https:\/\/kalisce.com\/blog\/wp-json\/wp\/v2\/tags?post=2030"}],"curies":[{"name":"wp","href":"https:\/\/api.w.org\/{rel}","templated":true}]}}