{"id":2040,"date":"2011-06-28T17:03:40","date_gmt":"2011-06-28T16:03:40","guid":{"rendered":"http:\/\/kalisce.com\/blog\/?p=2040"},"modified":"2011-06-29T12:56:00","modified_gmt":"2011-06-29T11:56:00","slug":"olympus-maraton-2011","status":"publish","type":"post","link":"https:\/\/kalisce.com\/blog\/2011\/06\/28\/olympus-maraton-2011\/","title":{"rendered":"Olympus maraton 2011"},"content":{"rendered":"<p><a href=\"https:\/\/picasaweb.google.com\/rekar.marjan\/OlympusMaraton2011\"><img loading=\"lazy\" decoding=\"async\" class=\"alignleft size-full wp-image-2041\" title=\"Na cilju\" src=\"https:\/\/kalisce.com\/blog\/wp-content\/uploads\/2011\/06\/IMG_5148.jpg\" alt=\"Na cilju\" width=\"315\" height=\"288\" srcset=\"https:\/\/kalisce.com\/blog\/wp-content\/uploads\/2011\/06\/IMG_5148.jpg 350w, https:\/\/kalisce.com\/blog\/wp-content\/uploads\/2011\/06\/IMG_5148-150x137.jpg 150w, https:\/\/kalisce.com\/blog\/wp-content\/uploads\/2011\/06\/IMG_5148-300x274.jpg 300w\" sizes=\"(max-width: 315px) 100vw, 315px\" \/><\/a>V nedeljo, 26. junija 2011, sem se kot edini predstavnik Slovenije udele\u017eil maratona \u010dez <strong>Olimp <\/strong>v Gr\u010diji. Na 45 km se od morja v kraju <strong>Dion <\/strong>dvigne\u0161 na 2800 metrov na <strong>Olymp<\/strong>, potem pa nazaj dol v <strong>Litochoro <\/strong>na cilj<strong> <\/strong>(3300 metrov gor in 2800 metrov dol).<\/p>\n<p>Ker sem bil na tej tekmi \u017ee tretji\u010d si nisem predstavljal, da me \u0161e kaj lahko preseneti \ud83d\ude15 Napaka \u2757 Nad 2000 metri se je ohladilo na nulo, veter pa je bil tako mo\u010dan, da je &#8220;ne\u017ene&#8221; Grke kar metalo po tleh. Med 612 tekmovalci jih ve\u010d kot \u010detrtina ni pri\u0161lo do cilja v limitu 10-ih ur. Med Slovenci sem zmagal z osmimi urami in zasedel 251. mesto \ud83d\ude09<\/p>\n<p>Na poti domov sva v <strong>Ni\u0161u <\/strong>poiskala mojo kasarno (<strong>Filip Kljaji\u0107<\/strong>) &#8211; \u0161ok \u2757 V\u010dasih je trdnjava sijala od voja\u0161ke \u010disto\u010de, danes pa&#8230;. vse zara\u0161\u010deno \ud83d\ude41<\/p>\n<p><strong><a href=\"http:\/\/www.olympus-marathon.com\/index.php\">Olympus maraton<\/a><\/strong> &#8211; uradna stran<\/p>\n<p><strong><a href=\"https:\/\/picasaweb.google.com\/rekar.marjan\/OlympusMaraton2011\">Galerija<\/a><\/strong><\/p>\n<p><strong><a href=\"http:\/\/www.youtube.com\/watch?v=MJaggtxlqhU\">Film<\/a><\/strong><\/p>\n<p>P.S. Menda mi bodo poslali fotografije s proge, saj so nas velikokrat dokumentirali.<\/p>\n","protected":false},"excerpt":{"rendered":"<p>V nedeljo, 26. junija 2011, sem se kot edini predstavnik Slovenije udele\u017eil maratona \u010dez Olimp v Gr\u010diji. Na 45 km se od morja v kraju Dion dvigne\u0161 na 2800 metrov na Olymp, potem pa nazaj dol v Litochoro na cilj (3300 metrov gor in 2800 metrov dol). Ker sem bil na tej tekmi \u017ee tretji\u010d [&hellip;]<\/p>\n","protected":false},"author":2,"featured_media":0,"comment_status":"open","ping_status":"open","sticky":false,"template":"","format":"standard","meta":{"footnotes":""},"categories":[11,5],"tags":[],"_links":{"self":[{"href":"https:\/\/kalisce.com\/blog\/wp-json\/wp\/v2\/posts\/2040"}],"collection":[{"href":"https:\/\/kalisce.com\/blog\/wp-json\/wp\/v2\/posts"}],"about":[{"href":"https:\/\/kalisce.com\/blog\/wp-json\/wp\/v2\/types\/post"}],"author":[{"embeddable":true,"href":"https:\/\/kalisce.com\/blog\/wp-json\/wp\/v2\/users\/2"}],"replies":[{"embeddable":true,"href":"https:\/\/kalisce.com\/blog\/wp-json\/wp\/v2\/comments?post=2040"}],"version-history":[{"count":7,"href":"https:\/\/kalisce.com\/blog\/wp-json\/wp\/v2\/posts\/2040\/revisions"}],"predecessor-version":[{"id":2044,"href":"https:\/\/kalisce.com\/blog\/wp-json\/wp\/v2\/posts\/2040\/revisions\/2044"}],"wp:attachment":[{"href":"https:\/\/kalisce.com\/blog\/wp-json\/wp\/v2\/media?parent=2040"}],"wp:term":[{"taxonomy":"category","embeddable":true,"href":"https:\/\/kalisce.com\/blog\/wp-json\/wp\/v2\/categories?post=2040"},{"taxonomy":"post_tag","embeddable":true,"href":"https:\/\/kalisce.com\/blog\/wp-json\/wp\/v2\/tags?post=2040"}],"curies":[{"name":"wp","href":"https:\/\/api.w.org\/{rel}","templated":true}]}}