{"id":2056,"date":"2011-07-09T15:13:36","date_gmt":"2011-07-09T14:13:36","guid":{"rendered":"http:\/\/kalisce.com\/blog\/?p=2056"},"modified":"2011-07-09T15:26:43","modified_gmt":"2011-07-09T14:26:43","slug":"dovski-kriz","status":"publish","type":"post","link":"https:\/\/kalisce.com\/blog\/2011\/07\/09\/dovski-kriz\/","title":{"rendered":"Dov\u0161ki kri\u017e"},"content":{"rendered":"<p><a href=\"https:\/\/picasaweb.google.com\/rekar.marjan\/DovskiKriz972011\"><img loading=\"lazy\" decoding=\"async\" class=\"alignleft size-full wp-image-2057\" title=\"Na Dov\u0161kem kri\u017eu - zadaj Triglav\" src=\"https:\/\/kalisce.com\/blog\/wp-content\/uploads\/2011\/07\/IMG_5599.jpg\" alt=\"Na Dov\u0161kem kri\u017eu - zadaj Triglav\" width=\"350\" height=\"286\" srcset=\"https:\/\/kalisce.com\/blog\/wp-content\/uploads\/2011\/07\/IMG_5599.jpg 350w, https:\/\/kalisce.com\/blog\/wp-content\/uploads\/2011\/07\/IMG_5599-150x122.jpg 150w, https:\/\/kalisce.com\/blog\/wp-content\/uploads\/2011\/07\/IMG_5599-300x245.jpg 300w\" sizes=\"(max-width: 350px) 100vw, 350px\" \/><\/a>V soboto, 9. julija 2011, smo se iz Vrat podali na <strong>Dov\u0161ki kri\u017e<\/strong>. \u017dal smo zgre\u0161ili pot za <strong>Brinovo glavo,<\/strong> tako da smo opravili spust po isti poti kot vzpon &#8211; spust po meli\u0161\u010du je zakon \u2757<\/p>\n<p>V odli\u010dnih vremenskih pogojih \u00a0smo lahko ob\u010dudovali <strong>Julijske alpe<\/strong>, najlep\u0161i pa je bil pogled na <strong>Triglav <\/strong>s severno steno. Tudi &#8220;<strong>amfiteater<\/strong>&#8221; ni kar tako!<\/p>\n<p>Z orientacijsko zahtevno potjo smo opravili na brzino, saj se nam je mudilo na pir \ud83d\ude00<\/p>\n<p><strong><a href=\"https:\/\/picasaweb.google.com\/rekar.marjan\/DovskiKriz972011\">Galerija<\/a><\/strong><\/p>\n","protected":false},"excerpt":{"rendered":"<p>V soboto, 9. julija 2011, smo se iz Vrat podali na Dov\u0161ki kri\u017e. \u017dal smo zgre\u0161ili pot za Brinovo glavo, tako da smo opravili spust po isti poti kot vzpon &#8211; spust po meli\u0161\u010du je zakon \u2757 V odli\u010dnih vremenskih pogojih \u00a0smo lahko ob\u010dudovali Julijske alpe, najlep\u0161i pa je bil pogled na Triglav s severno [&hellip;]<\/p>\n","protected":false},"author":2,"featured_media":0,"comment_status":"open","ping_status":"open","sticky":false,"template":"","format":"standard","meta":{"footnotes":""},"categories":[11],"tags":[],"_links":{"self":[{"href":"https:\/\/kalisce.com\/blog\/wp-json\/wp\/v2\/posts\/2056"}],"collection":[{"href":"https:\/\/kalisce.com\/blog\/wp-json\/wp\/v2\/posts"}],"about":[{"href":"https:\/\/kalisce.com\/blog\/wp-json\/wp\/v2\/types\/post"}],"author":[{"embeddable":true,"href":"https:\/\/kalisce.com\/blog\/wp-json\/wp\/v2\/users\/2"}],"replies":[{"embeddable":true,"href":"https:\/\/kalisce.com\/blog\/wp-json\/wp\/v2\/comments?post=2056"}],"version-history":[{"count":3,"href":"https:\/\/kalisce.com\/blog\/wp-json\/wp\/v2\/posts\/2056\/revisions"}],"predecessor-version":[{"id":2059,"href":"https:\/\/kalisce.com\/blog\/wp-json\/wp\/v2\/posts\/2056\/revisions\/2059"}],"wp:attachment":[{"href":"https:\/\/kalisce.com\/blog\/wp-json\/wp\/v2\/media?parent=2056"}],"wp:term":[{"taxonomy":"category","embeddable":true,"href":"https:\/\/kalisce.com\/blog\/wp-json\/wp\/v2\/categories?post=2056"},{"taxonomy":"post_tag","embeddable":true,"href":"https:\/\/kalisce.com\/blog\/wp-json\/wp\/v2\/tags?post=2056"}],"curies":[{"name":"wp","href":"https:\/\/api.w.org\/{rel}","templated":true}]}}