{"id":2086,"date":"2011-10-01T18:52:39","date_gmt":"2011-10-01T17:52:39","guid":{"rendered":"http:\/\/kalisce.com\/blog\/?p=2086"},"modified":"2011-10-01T18:54:20","modified_gmt":"2011-10-01T17:54:20","slug":"jalovec","status":"publish","type":"post","link":"https:\/\/kalisce.com\/blog\/2011\/10\/01\/jalovec\/","title":{"rendered":"Jalovec"},"content":{"rendered":"<div id=\"attachment_2087\" style=\"width: 360px\" class=\"wp-caption alignleft\"><a href=\"http:\/\/www.facebook.com\/media\/set\/?set=a.10150402345377642.423331.240050787641\"><img loading=\"lazy\" decoding=\"async\" aria-describedby=\"caption-attachment-2087\" class=\"size-full wp-image-2087 \" title=\"Jalovec, 1.10.2011\" src=\"https:\/\/kalisce.com\/blog\/wp-content\/uploads\/2011\/10\/IMG_1265.jpg\" alt=\"Jalovec, 1.10.2011\" width=\"350\" height=\"248\" srcset=\"https:\/\/kalisce.com\/blog\/wp-content\/uploads\/2011\/10\/IMG_1265.jpg 350w, https:\/\/kalisce.com\/blog\/wp-content\/uploads\/2011\/10\/IMG_1265-150x106.jpg 150w, https:\/\/kalisce.com\/blog\/wp-content\/uploads\/2011\/10\/IMG_1265-300x212.jpg 300w\" sizes=\"(max-width: 350px) 100vw, 350px\" \/><\/a><p id=\"caption-attachment-2087\" class=\"wp-caption-text\">Jalovec, 1.10.2011<\/p><\/div>\n<p>Prva oktoberska sobota je bila tudi prvi vpisni dan za KLJUKE na Kali\u0161\u010du.<\/p>\n<p>Prelepo jesensko vreme smo nekateri izkoristili za vi\u0161je cilje &#8211; tokrat <strong>Jalovec.<\/strong><\/p>\n<p>Iz <strong>Planice <\/strong>smo \u0161li &#8220;pe\u0161&#8221; v <strong>Tamar <\/strong>(zaradi neusmiljenih redarjev &#8211; prihranek 200 EUR), \u00a0se vzpeli preko <strong>Jalov\u0161ke \u0161krbine<\/strong>, po dalj\u0161em postanku na vrhu pa smo se spustili v Tamar \u010dez <strong>Kotovo sedlo.<\/strong><\/p>\n<p><strong>Ena lep\u0161ih \ud83d\ude42<\/strong><\/p>\n<p><strong><a href=\"http:\/\/www.facebook.com\/media\/set\/?set=a.10150402345377642.423331.240050787641\">Galerija<\/a><\/strong><\/p>\n","protected":false},"excerpt":{"rendered":"<p>Prva oktoberska sobota je bila tudi prvi vpisni dan za KLJUKE na Kali\u0161\u010du. Prelepo jesensko vreme smo nekateri izkoristili za vi\u0161je cilje &#8211; tokrat Jalovec. Iz Planice smo \u0161li &#8220;pe\u0161&#8221; v Tamar (zaradi neusmiljenih redarjev &#8211; prihranek 200 EUR), \u00a0se vzpeli preko Jalov\u0161ke \u0161krbine, po dalj\u0161em postanku na vrhu pa smo se spustili v Tamar [&hellip;]<\/p>\n","protected":false},"author":2,"featured_media":0,"comment_status":"open","ping_status":"open","sticky":false,"template":"","format":"standard","meta":{"footnotes":""},"categories":[9,11],"tags":[],"_links":{"self":[{"href":"https:\/\/kalisce.com\/blog\/wp-json\/wp\/v2\/posts\/2086"}],"collection":[{"href":"https:\/\/kalisce.com\/blog\/wp-json\/wp\/v2\/posts"}],"about":[{"href":"https:\/\/kalisce.com\/blog\/wp-json\/wp\/v2\/types\/post"}],"author":[{"embeddable":true,"href":"https:\/\/kalisce.com\/blog\/wp-json\/wp\/v2\/users\/2"}],"replies":[{"embeddable":true,"href":"https:\/\/kalisce.com\/blog\/wp-json\/wp\/v2\/comments?post=2086"}],"version-history":[{"count":3,"href":"https:\/\/kalisce.com\/blog\/wp-json\/wp\/v2\/posts\/2086\/revisions"}],"predecessor-version":[{"id":2089,"href":"https:\/\/kalisce.com\/blog\/wp-json\/wp\/v2\/posts\/2086\/revisions\/2089"}],"wp:attachment":[{"href":"https:\/\/kalisce.com\/blog\/wp-json\/wp\/v2\/media?parent=2086"}],"wp:term":[{"taxonomy":"category","embeddable":true,"href":"https:\/\/kalisce.com\/blog\/wp-json\/wp\/v2\/categories?post=2086"},{"taxonomy":"post_tag","embeddable":true,"href":"https:\/\/kalisce.com\/blog\/wp-json\/wp\/v2\/tags?post=2086"}],"curies":[{"name":"wp","href":"https:\/\/api.w.org\/{rel}","templated":true}]}}