{"id":2096,"date":"2011-10-17T17:42:42","date_gmt":"2011-10-17T16:42:42","guid":{"rendered":"http:\/\/kalisce.com\/blog\/?p=2096"},"modified":"2011-10-21T14:33:28","modified_gmt":"2011-10-21T13:33:28","slug":"soncen-a-hladen-vikend","status":"publish","type":"post","link":"https:\/\/kalisce.com\/blog\/2011\/10\/17\/soncen-a-hladen-vikend\/","title":{"rendered":"Son\u010den, a hladen vikend"},"content":{"rendered":"<div id=\"attachment_2097\" style=\"width: 360px\" class=\"wp-caption alignleft\"><a href=\"http:\/\/www.facebook.com\/media\/set\/?set=a.10150424141607642.428120.240050787641&amp;type=1\"><img loading=\"lazy\" decoding=\"async\" aria-describedby=\"caption-attachment-2097\" class=\"size-full wp-image-2097\" title=\"Slika na skali :)\" src=\"https:\/\/kalisce.com\/blog\/wp-content\/uploads\/2011\/10\/IMG_2196.jpg\" alt=\"Markacija z luno\" width=\"350\" height=\"263\" srcset=\"https:\/\/kalisce.com\/blog\/wp-content\/uploads\/2011\/10\/IMG_2196.jpg 350w, https:\/\/kalisce.com\/blog\/wp-content\/uploads\/2011\/10\/IMG_2196-150x112.jpg 150w, https:\/\/kalisce.com\/blog\/wp-content\/uploads\/2011\/10\/IMG_2196-300x225.jpg 300w\" sizes=\"(max-width: 350px) 100vw, 350px\" \/><\/a><p id=\"caption-attachment-2097\" class=\"wp-caption-text\">Markacija z luno<\/p><\/div>\n<p>Zima se bli\u017ea! Minuli vikend je bil son\u010den, vendar hladen in vetroven. <strong>Janez <\/strong>je bil spet na vrhu Stor\u017ei\u010da.<\/p>\n<p><strong><a style=\"direction: ltr;\" href=\"http:\/\/www.facebook.com\/media\/set\/?set=a.10150424141607642.428120.240050787641&amp;type=1\">Galerija I<\/a> &#8211;<\/strong> foto <strong>Janez<\/strong><\/p>\n<p><strong><a href=\"http:\/\/www.facebook.com\/media\/set\/?set=a.10150421199622642.427456.240050787641&amp;type=1\">Galerija II<\/a> \u2013 <\/strong>sobotni izlet na <strong>Zadnji Vogel <\/strong><\/p>\n<p>Tokrat bom dodal \u0161e nekaj utrinkov z dogajanja preko poletja \ud83d\ude42<\/p>\n<p><strong><a href=\"http:\/\/www.facebook.com\/media\/set\/?set=a.10150419744752642.427169.240050787641&amp;type=1\">Galerija III<\/a> &#8211;<\/strong> po \u0161tirih \u00a0mesecih so mi poslali slike z <strong>Olimpa <\/strong>\ud83d\ude44<\/p>\n<p><strong><a href=\"http:\/\/www.youtube.com\/watch?feature=player_embedded&amp;v=eJ7E2DjIFd0\">Film<\/a> &#8211; <\/strong><strong>poletne dejavnosti<\/strong><\/p>\n<p><strong><a href=\"http:\/\/www.lukazoja.si\/?p=3007\">Blog <\/a>&#8211; <\/strong><strong>lukazoja<\/strong><\/p>\n<p><strong><a href=\"https:\/\/kalisce.com\/blog\/wp-content\/uploads\/2008\/09\/kzl1112.pdf\">Pravila KRANJSKE ZIMSKE TEKA\u0160KE LIGE 2011\/2012<\/a><\/strong><\/p>\n","protected":false},"excerpt":{"rendered":"<p>Zima se bli\u017ea! Minuli vikend je bil son\u010den, vendar hladen in vetroven. Janez je bil spet na vrhu Stor\u017ei\u010da. Galerija I &#8211; foto Janez Galerija II \u2013 sobotni izlet na Zadnji Vogel Tokrat bom dodal \u0161e nekaj utrinkov z dogajanja preko poletja \ud83d\ude42 Galerija III &#8211; po \u0161tirih \u00a0mesecih so mi poslali slike z Olimpa [&hellip;]<\/p>\n","protected":false},"author":2,"featured_media":0,"comment_status":"open","ping_status":"open","sticky":false,"template":"","format":"standard","meta":{"footnotes":""},"categories":[9,8],"tags":[],"_links":{"self":[{"href":"https:\/\/kalisce.com\/blog\/wp-json\/wp\/v2\/posts\/2096"}],"collection":[{"href":"https:\/\/kalisce.com\/blog\/wp-json\/wp\/v2\/posts"}],"about":[{"href":"https:\/\/kalisce.com\/blog\/wp-json\/wp\/v2\/types\/post"}],"author":[{"embeddable":true,"href":"https:\/\/kalisce.com\/blog\/wp-json\/wp\/v2\/users\/2"}],"replies":[{"embeddable":true,"href":"https:\/\/kalisce.com\/blog\/wp-json\/wp\/v2\/comments?post=2096"}],"version-history":[{"count":7,"href":"https:\/\/kalisce.com\/blog\/wp-json\/wp\/v2\/posts\/2096\/revisions"}],"predecessor-version":[{"id":2099,"href":"https:\/\/kalisce.com\/blog\/wp-json\/wp\/v2\/posts\/2096\/revisions\/2099"}],"wp:attachment":[{"href":"https:\/\/kalisce.com\/blog\/wp-json\/wp\/v2\/media?parent=2096"}],"wp:term":[{"taxonomy":"category","embeddable":true,"href":"https:\/\/kalisce.com\/blog\/wp-json\/wp\/v2\/categories?post=2096"},{"taxonomy":"post_tag","embeddable":true,"href":"https:\/\/kalisce.com\/blog\/wp-json\/wp\/v2\/tags?post=2096"}],"curies":[{"name":"wp","href":"https:\/\/api.w.org\/{rel}","templated":true}]}}