{"id":2109,"date":"2011-10-24T15:03:05","date_gmt":"2011-10-24T14:03:05","guid":{"rendered":"http:\/\/kalisce.com\/blog\/?p=2109"},"modified":"2011-10-24T15:10:25","modified_gmt":"2011-10-24T14:10:25","slug":"sneg-drugic","status":"publish","type":"post","link":"https:\/\/kalisce.com\/blog\/2011\/10\/24\/sneg-drugic\/","title":{"rendered":"Sneg &#8211; drugi\u010d"},"content":{"rendered":"<div id=\"attachment_2110\" style=\"width: 360px\" class=\"wp-caption alignleft\"><a href=\"http:\/\/www.facebook.com\/media\/set\/?set=a.10150432058242642.429670.240050787641&amp;type=1\"><img loading=\"lazy\" decoding=\"async\" aria-describedby=\"caption-attachment-2110\" class=\"size-full wp-image-2110\" title=\"Pred Ljubljanskim maratonom\" src=\"https:\/\/kalisce.com\/blog\/wp-content\/uploads\/2011\/10\/IMG_2240.jpg\" alt=\"Pred Ljubljanskim maratonom\" width=\"350\" height=\"259\" srcset=\"https:\/\/kalisce.com\/blog\/wp-content\/uploads\/2011\/10\/IMG_2240.jpg 350w, https:\/\/kalisce.com\/blog\/wp-content\/uploads\/2011\/10\/IMG_2240-150x111.jpg 150w, https:\/\/kalisce.com\/blog\/wp-content\/uploads\/2011\/10\/IMG_2240-300x222.jpg 300w\" sizes=\"(max-width: 350px) 100vw, 350px\" \/><\/a><p id=\"caption-attachment-2110\" class=\"wp-caption-text\">Pred Ljubljanskim maratonom<\/p><\/div>\n<p>Druga po\u0161iljka snega je naredila v gozdu pod Kali\u0161\u010dem kar nekaj \u0161kode, vendar to nas ni ustavilo.<\/p>\n<p>Minuli vikend se je vse vrtelo okrog <strong>Ljubljanskega maratona<\/strong>. Med mno\u017eico teka\u010dev je bilo tudi veliko <strong>na\u0161ih<\/strong>.<\/p>\n<p><strong><a href=\"http:\/\/www.facebook.com\/media\/set\/?set=a.10150432058242642.429670.240050787641&amp;type=1\">Galerija <\/a><\/strong>je tokrat &#8220;malo me\u0161ana&#8221; &#8211; prvi del je moj, drugi del je poslal <strong>Roman<\/strong>, tretji pa <strong>maratonec Janez \ud83d\ude00<\/strong><\/p>\n<p><strong><a href=\"http:\/\/www.facebook.com\/media\/set\/?set=a.10150337639353002.353156.12210258001&amp;type=3\">Ljubljanski maraton I<\/a><\/strong><\/p>\n<p><strong><strong><a href=\"http:\/\/www.facebook.com\/media\/set\/?set=a.10150432286552642.429725.240050787641&amp;type=1\">Ljubljanski maraton II<\/a><\/strong><\/strong><\/p>\n<p><strong><strong><strong><a href=\"http:\/\/www.youtube.com\/watch?v=uWbKqYSxGSs&amp;feature=youtu.be&amp;hd=1\">Ljubljanski maraton &#8211; film<\/a><\/strong><\/strong><\/strong><\/p>\n","protected":false},"excerpt":{"rendered":"<p>Druga po\u0161iljka snega je naredila v gozdu pod Kali\u0161\u010dem kar nekaj \u0161kode, vendar to nas ni ustavilo. Minuli vikend se je vse vrtelo okrog Ljubljanskega maratona. Med mno\u017eico teka\u010dev je bilo tudi veliko na\u0161ih. Galerija je tokrat &#8220;malo me\u0161ana&#8221; &#8211; prvi del je moj, drugi del je poslal Roman, tretji pa maratonec Janez \ud83d\ude00 Ljubljanski [&hellip;]<\/p>\n","protected":false},"author":2,"featured_media":0,"comment_status":"open","ping_status":"open","sticky":false,"template":"","format":"standard","meta":{"footnotes":""},"categories":[9,8],"tags":[],"_links":{"self":[{"href":"https:\/\/kalisce.com\/blog\/wp-json\/wp\/v2\/posts\/2109"}],"collection":[{"href":"https:\/\/kalisce.com\/blog\/wp-json\/wp\/v2\/posts"}],"about":[{"href":"https:\/\/kalisce.com\/blog\/wp-json\/wp\/v2\/types\/post"}],"author":[{"embeddable":true,"href":"https:\/\/kalisce.com\/blog\/wp-json\/wp\/v2\/users\/2"}],"replies":[{"embeddable":true,"href":"https:\/\/kalisce.com\/blog\/wp-json\/wp\/v2\/comments?post=2109"}],"version-history":[{"count":4,"href":"https:\/\/kalisce.com\/blog\/wp-json\/wp\/v2\/posts\/2109\/revisions"}],"predecessor-version":[{"id":2112,"href":"https:\/\/kalisce.com\/blog\/wp-json\/wp\/v2\/posts\/2109\/revisions\/2112"}],"wp:attachment":[{"href":"https:\/\/kalisce.com\/blog\/wp-json\/wp\/v2\/media?parent=2109"}],"wp:term":[{"taxonomy":"category","embeddable":true,"href":"https:\/\/kalisce.com\/blog\/wp-json\/wp\/v2\/categories?post=2109"},{"taxonomy":"post_tag","embeddable":true,"href":"https:\/\/kalisce.com\/blog\/wp-json\/wp\/v2\/tags?post=2109"}],"curies":[{"name":"wp","href":"https:\/\/api.w.org\/{rel}","templated":true}]}}