{"id":2116,"date":"2011-10-31T19:49:39","date_gmt":"2011-10-31T18:49:39","guid":{"rendered":"http:\/\/kalisce.com\/blog\/?p=2116"},"modified":"2011-11-02T19:09:10","modified_gmt":"2011-11-02T18:09:10","slug":"podaljsan-praznicni-vikend","status":"publish","type":"post","link":"https:\/\/kalisce.com\/blog\/2011\/10\/31\/podaljsan-praznicni-vikend\/","title":{"rendered":"Podalj\u0161an prazni\u010dni vikend"},"content":{"rendered":"<div id=\"attachment_2117\" style=\"width: 360px\" class=\"wp-caption alignleft\"><a href=\"http:\/\/www.facebook.com\/media\/set\/?set=a.10150440445067642.431479.240050787641&amp;type=1\"><img loading=\"lazy\" decoding=\"async\" aria-describedby=\"caption-attachment-2117\" class=\"size-full wp-image-2117\" title=\"Na balkonu pod hi\u0161no goro\" src=\"https:\/\/kalisce.com\/blog\/wp-content\/uploads\/2011\/10\/IMG_0710.jpg\" alt=\"Na balkonu pod hi\u0161no goro\" width=\"350\" height=\"263\" srcset=\"https:\/\/kalisce.com\/blog\/wp-content\/uploads\/2011\/10\/IMG_0710.jpg 350w, https:\/\/kalisce.com\/blog\/wp-content\/uploads\/2011\/10\/IMG_0710-150x112.jpg 150w, https:\/\/kalisce.com\/blog\/wp-content\/uploads\/2011\/10\/IMG_0710-300x225.jpg 300w\" sizes=\"(max-width: 350px) 100vw, 350px\" \/><\/a><p id=\"caption-attachment-2117\" class=\"wp-caption-text\">Na balkonu pod hi\u0161no goro<\/p><\/div>\n<p>Podalj\u0161ani prazniki (krompirjeve po\u010ditnice) so minili v \u010dudovitem vremenu &#8211; v gorah, seveda. V dolini se je ve\u010dino \u010dasa dr\u017eala nizka obla\u010dnost, zgoraj pa&#8230;. brezmade\u017eno \ud83d\ude00<\/p>\n<p>Tokrat imamo veliko slikovnega materiala:<\/p>\n<p><strong><a href=\"http:\/\/www.facebook.com\/media\/set\/?set=a.10150440445067642.431479.240050787641&amp;type=1\">Galerija I<\/a> &#8211; Tolminski Kuk, pod Stor\u017ei\u010dem, &#8230;<\/strong><\/p>\n<p><strong><strong><a href=\"http:\/\/www.facebook.com\/media\/set\/?set=a.10150443276222642.432402.240050787641&amp;type=1\">Galerija II<\/a> &#8211; foto Roman<\/strong><\/strong><\/p>\n<p><strong><strong><strong><a href=\"http:\/\/www.facebook.com\/media\/set\/?set=a.252846994763049.56549.100001132508609&amp;type=3\">Galerija III<\/a> &#8211; foto Vilko<\/strong><\/strong><\/strong><\/p>\n<p><strong><strong><strong><a href=\"https:\/\/picasaweb.google.com\/110673567128311316290\/Kredarica#\">Galerija IV<\/a> &#8211; foto Andrej (Kredarica)<\/strong><\/strong><\/strong><\/p>\n<p><strong><strong><strong><a href=\"http:\/\/www.facebook.com\/media\/set\/?set=a.10150443357192642.432421.240050787641&amp;type=1\">Galerija V<\/a> &#8211; foto Janez (Stor\u017ei\u010d, Kredarica,&#8230;)<\/strong><\/strong><\/strong><\/p>\n<p><strong><strong><strong><a href=\"http:\/\/www.facebook.com\/media\/set\/?set=a.253123758068706.56619.100001132508609&amp;type=1\">Galerija VI<\/a> &#8211; foto An\u017ee (Kali\u0161\u010de z okolico&#8230;)<\/strong><\/strong><\/strong><\/p>\n","protected":false},"excerpt":{"rendered":"<p>Podalj\u0161ani prazniki (krompirjeve po\u010ditnice) so minili v \u010dudovitem vremenu &#8211; v gorah, seveda. V dolini se je ve\u010dino \u010dasa dr\u017eala nizka obla\u010dnost, zgoraj pa&#8230;. brezmade\u017eno \ud83d\ude00 Tokrat imamo veliko slikovnega materiala: Galerija I &#8211; Tolminski Kuk, pod Stor\u017ei\u010dem, &#8230; Galerija II &#8211; foto Roman Galerija III &#8211; foto Vilko Galerija IV &#8211; foto Andrej (Kredarica) [&hellip;]<\/p>\n","protected":false},"author":2,"featured_media":0,"comment_status":"open","ping_status":"open","sticky":false,"template":"","format":"standard","meta":{"footnotes":""},"categories":[9,8],"tags":[],"_links":{"self":[{"href":"https:\/\/kalisce.com\/blog\/wp-json\/wp\/v2\/posts\/2116"}],"collection":[{"href":"https:\/\/kalisce.com\/blog\/wp-json\/wp\/v2\/posts"}],"about":[{"href":"https:\/\/kalisce.com\/blog\/wp-json\/wp\/v2\/types\/post"}],"author":[{"embeddable":true,"href":"https:\/\/kalisce.com\/blog\/wp-json\/wp\/v2\/users\/2"}],"replies":[{"embeddable":true,"href":"https:\/\/kalisce.com\/blog\/wp-json\/wp\/v2\/comments?post=2116"}],"version-history":[{"count":6,"href":"https:\/\/kalisce.com\/blog\/wp-json\/wp\/v2\/posts\/2116\/revisions"}],"predecessor-version":[{"id":2119,"href":"https:\/\/kalisce.com\/blog\/wp-json\/wp\/v2\/posts\/2116\/revisions\/2119"}],"wp:attachment":[{"href":"https:\/\/kalisce.com\/blog\/wp-json\/wp\/v2\/media?parent=2116"}],"wp:term":[{"taxonomy":"category","embeddable":true,"href":"https:\/\/kalisce.com\/blog\/wp-json\/wp\/v2\/categories?post=2116"},{"taxonomy":"post_tag","embeddable":true,"href":"https:\/\/kalisce.com\/blog\/wp-json\/wp\/v2\/tags?post=2116"}],"curies":[{"name":"wp","href":"https:\/\/api.w.org\/{rel}","templated":true}]}}