{"id":2134,"date":"2011-11-14T09:31:32","date_gmt":"2011-11-14T08:31:32","guid":{"rendered":"http:\/\/kalisce.com\/blog\/?p=2134"},"modified":"2011-11-14T10:32:12","modified_gmt":"2011-11-14T09:32:12","slug":"martinovo-2011","status":"publish","type":"post","link":"https:\/\/kalisce.com\/blog\/2011\/11\/14\/martinovo-2011\/","title":{"rendered":"Martinovo 2011"},"content":{"rendered":"<div id=\"attachment_2135\" style=\"width: 360px\" class=\"wp-caption alignleft\"><a href=\"http:\/\/www.facebook.com\/media\/set\/?set=a.10150464351037642.436325.240050787641&amp;type=1\"><img loading=\"lazy\" decoding=\"async\" aria-describedby=\"caption-attachment-2135\" class=\"size-full wp-image-2135 \" title=\"Martinovo na vrhu\" src=\"https:\/\/kalisce.com\/blog\/wp-content\/uploads\/2011\/11\/IMG_2546-1.jpg\" alt=\"Martinovo na vrhu\" width=\"350\" height=\"263\" srcset=\"https:\/\/kalisce.com\/blog\/wp-content\/uploads\/2011\/11\/IMG_2546-1.jpg 350w, https:\/\/kalisce.com\/blog\/wp-content\/uploads\/2011\/11\/IMG_2546-1-150x112.jpg 150w, https:\/\/kalisce.com\/blog\/wp-content\/uploads\/2011\/11\/IMG_2546-1-300x225.jpg 300w\" sizes=\"(max-width: 350px) 100vw, 350px\" \/><\/a><p id=\"caption-attachment-2135\" class=\"wp-caption-text\">Martinovo na vrhu<\/p><\/div>\n<p>Leto\u0161nja jesen pa res ne skopari z lepim vremenom. Le kdaj bo v hribe pri\u0161la &#8220;zima&#8221; \u2753<\/p>\n<p><strong>Martinov <\/strong>vikend je bil zelo pester: v gorah je bilo ogromno pohodnikov, <strong>Hedvika <\/strong>se je vrgla s 4000 metrov, v <strong>Ba\u0161ki grapi<\/strong> je bilo sre\u010danje prijateljev <strong>GM4O<\/strong>, pestro je bilo na Kali\u0161\u010du, za\u010dela se je <strong><a href=\"https:\/\/kalisce.com\/blog\/zimska-liga\/\">Kranjska zimska liga<\/a><\/strong>, &#8230;<\/p>\n<p><strong>\u010cestitamo Ur\u0161i in Igiju ob sre\u010dnem dogodku &#8211; veliko lepih trenutkov s Tiano<\/strong> \ud83d\ude1b<\/p>\n<p>V \u010detrtek, 10. novembra 2011, je minilo dve leti, odkar je <strong>Toma\u017e Humar<\/strong> za vedno ostal v Himalaji. Ker je bil Toma\u017e vesel \u010dlovek, prilagam povezavo na film, ko nas je obiskal na Kali\u0161\u010du.<\/p>\n<p><strong><a href=\"http:\/\/www.youtube.com\/watch?v=urXzusrYo3s\">Film<\/a> &#8211; <\/strong>24. marec 2008<\/p>\n<p><strong><a href=\"http:\/\/www.kalisce.com\/0708foto\/mar\/humar08\/index.html\">Toma\u017e na Kali\u0161\u010du<\/a><\/strong> &#8211; foto 24. marec 2008<\/p>\n<p><strong><a href=\"http:\/\/www.facebook.com\/media\/set\/?set=a.10150464351037642.436325.240050787641&amp;type=1\">Galerija <\/a><\/strong>(ve\u010d avtorjev)<\/p>\n<p>Zimska liga &#8211; <a href=\"https:\/\/kalisce.com\/blog\/wp-content\/uploads\/2008\/09\/zl1.pdf\"><strong>rezultati<\/strong><\/a><\/p>\n","protected":false},"excerpt":{"rendered":"<p>Leto\u0161nja jesen pa res ne skopari z lepim vremenom. Le kdaj bo v hribe pri\u0161la &#8220;zima&#8221; \u2753 Martinov vikend je bil zelo pester: v gorah je bilo ogromno pohodnikov, Hedvika se je vrgla s 4000 metrov, v Ba\u0161ki grapi je bilo sre\u010danje prijateljev GM4O, pestro je bilo na Kali\u0161\u010du, za\u010dela se je Kranjska zimska liga, [&hellip;]<\/p>\n","protected":false},"author":2,"featured_media":0,"comment_status":"open","ping_status":"open","sticky":false,"template":"","format":"standard","meta":{"footnotes":""},"categories":[9,5],"tags":[],"_links":{"self":[{"href":"https:\/\/kalisce.com\/blog\/wp-json\/wp\/v2\/posts\/2134"}],"collection":[{"href":"https:\/\/kalisce.com\/blog\/wp-json\/wp\/v2\/posts"}],"about":[{"href":"https:\/\/kalisce.com\/blog\/wp-json\/wp\/v2\/types\/post"}],"author":[{"embeddable":true,"href":"https:\/\/kalisce.com\/blog\/wp-json\/wp\/v2\/users\/2"}],"replies":[{"embeddable":true,"href":"https:\/\/kalisce.com\/blog\/wp-json\/wp\/v2\/comments?post=2134"}],"version-history":[{"count":5,"href":"https:\/\/kalisce.com\/blog\/wp-json\/wp\/v2\/posts\/2134\/revisions"}],"predecessor-version":[{"id":2139,"href":"https:\/\/kalisce.com\/blog\/wp-json\/wp\/v2\/posts\/2134\/revisions\/2139"}],"wp:attachment":[{"href":"https:\/\/kalisce.com\/blog\/wp-json\/wp\/v2\/media?parent=2134"}],"wp:term":[{"taxonomy":"category","embeddable":true,"href":"https:\/\/kalisce.com\/blog\/wp-json\/wp\/v2\/categories?post=2134"},{"taxonomy":"post_tag","embeddable":true,"href":"https:\/\/kalisce.com\/blog\/wp-json\/wp\/v2\/tags?post=2134"}],"curies":[{"name":"wp","href":"https:\/\/api.w.org\/{rel}","templated":true}]}}