{"id":2145,"date":"2011-11-21T14:35:10","date_gmt":"2011-11-21T13:35:10","guid":{"rendered":"http:\/\/kalisce.com\/blog\/?p=2145"},"modified":"2011-11-21T14:35:10","modified_gmt":"2011-11-21T13:35:10","slug":"lepa-jesen-se-vedno-2","status":"publish","type":"post","link":"https:\/\/kalisce.com\/blog\/2011\/11\/21\/lepa-jesen-se-vedno-2\/","title":{"rendered":"Lepa jesen &#8211; \u0161e vedno"},"content":{"rendered":"<div id=\"attachment_2146\" style=\"width: 360px\" class=\"wp-caption alignleft\"><a href=\"http:\/\/www.facebook.com\/media\/set\/?set=a.10150478053732642.438068.240050787641&amp;type=1\"><img loading=\"lazy\" decoding=\"async\" aria-describedby=\"caption-attachment-2146\" class=\"size-full wp-image-2146 \" title=\"Evropsko prvenstvo v polarnih vle\u010dnih psov v Smledniku\" src=\"https:\/\/kalisce.com\/blog\/wp-content\/uploads\/2011\/11\/IMG_1011.jpg\" alt=\"\" width=\"350\" height=\"263\" srcset=\"https:\/\/kalisce.com\/blog\/wp-content\/uploads\/2011\/11\/IMG_1011.jpg 350w, https:\/\/kalisce.com\/blog\/wp-content\/uploads\/2011\/11\/IMG_1011-150x112.jpg 150w, https:\/\/kalisce.com\/blog\/wp-content\/uploads\/2011\/11\/IMG_1011-300x225.jpg 300w\" sizes=\"(max-width: 350px) 100vw, 350px\" \/><\/a><p id=\"caption-attachment-2146\" class=\"wp-caption-text\">Pasje dirke 2011<\/p><\/div>\n<p>Leto\u0161nja jesen v hribih je res neverjetna \u2757 Sonca na kubik \u2757 Zato ga je pa v dolini toliko manj \ud83d\ude41<\/p>\n<p>Kljub temu smo v Smledniku in okolici izpeljali 5. Evropsko prvenstvo \u010distokrvnih polarnih vle\u010dnih psov.<\/p>\n<p><strong><a href=\"http:\/\/www.facebook.com\/media\/set\/?set=a.10150475924692642.437711.240050787641&amp;type=1\">Galerija<\/a>&#8211; pasje dirke<\/strong><\/p>\n<p><strong><a href=\"http:\/\/www.facebook.com\/media\/set\/?set=a.10150478053732642.438068.240050787641&amp;type=1\">Galerija <\/a>&#8211; Kali\u0161\u010de<\/strong><\/p>\n<p><strong><a href=\"https:\/\/kalisce.com\/blog\/zimska-liga\/\">Zimska liga <\/a>&#8211; Jo\u0161t &#8211; <a href=\"https:\/\/kalisce.com\/blog\/wp-content\/uploads\/2011\/11\/zl2.pdf\">rezultati<\/a><\/strong><\/p>\n","protected":false},"excerpt":{"rendered":"<p>Leto\u0161nja jesen v hribih je res neverjetna \u2757 Sonca na kubik \u2757 Zato ga je pa v dolini toliko manj \ud83d\ude41 Kljub temu smo v Smledniku in okolici izpeljali 5. Evropsko prvenstvo \u010distokrvnih polarnih vle\u010dnih psov. Galerija&#8211; pasje dirke Galerija &#8211; Kali\u0161\u010de Zimska liga &#8211; Jo\u0161t &#8211; rezultati<\/p>\n","protected":false},"author":2,"featured_media":0,"comment_status":"open","ping_status":"open","sticky":false,"template":"","format":"standard","meta":{"footnotes":""},"categories":[9,5,7],"tags":[],"_links":{"self":[{"href":"https:\/\/kalisce.com\/blog\/wp-json\/wp\/v2\/posts\/2145"}],"collection":[{"href":"https:\/\/kalisce.com\/blog\/wp-json\/wp\/v2\/posts"}],"about":[{"href":"https:\/\/kalisce.com\/blog\/wp-json\/wp\/v2\/types\/post"}],"author":[{"embeddable":true,"href":"https:\/\/kalisce.com\/blog\/wp-json\/wp\/v2\/users\/2"}],"replies":[{"embeddable":true,"href":"https:\/\/kalisce.com\/blog\/wp-json\/wp\/v2\/comments?post=2145"}],"version-history":[{"count":2,"href":"https:\/\/kalisce.com\/blog\/wp-json\/wp\/v2\/posts\/2145\/revisions"}],"predecessor-version":[{"id":2149,"href":"https:\/\/kalisce.com\/blog\/wp-json\/wp\/v2\/posts\/2145\/revisions\/2149"}],"wp:attachment":[{"href":"https:\/\/kalisce.com\/blog\/wp-json\/wp\/v2\/media?parent=2145"}],"wp:term":[{"taxonomy":"category","embeddable":true,"href":"https:\/\/kalisce.com\/blog\/wp-json\/wp\/v2\/categories?post=2145"},{"taxonomy":"post_tag","embeddable":true,"href":"https:\/\/kalisce.com\/blog\/wp-json\/wp\/v2\/tags?post=2145"}],"curies":[{"name":"wp","href":"https:\/\/api.w.org\/{rel}","templated":true}]}}