{"id":2175,"date":"2011-12-04T16:03:50","date_gmt":"2011-12-04T15:03:50","guid":{"rendered":"http:\/\/kalisce.com\/blog\/?p=2175"},"modified":"2011-12-05T00:18:34","modified_gmt":"2011-12-04T23:18:34","slug":"december-sneg-pa-ni","status":"publish","type":"post","link":"https:\/\/kalisce.com\/blog\/2011\/12\/04\/december-sneg-pa-ni\/","title":{"rendered":"December &#8211; snega pa ni ;)"},"content":{"rendered":"<div id=\"attachment_2176\" style=\"width: 360px\" class=\"wp-caption alignleft\"><a href=\"http:\/\/www.facebook.com\/media\/set\/?set=a.10150507557952642.441213.240050787641&amp;type=1\"><img loading=\"lazy\" decoding=\"async\" aria-describedby=\"caption-attachment-2176\" class=\"size-full wp-image-2176 \" title=\"Gasilska s Kredarice\" src=\"https:\/\/kalisce.com\/blog\/wp-content\/uploads\/2011\/12\/IMG_9978.jpg\" alt=\"Gasilska s Kredarice\" width=\"350\" height=\"263\" srcset=\"https:\/\/kalisce.com\/blog\/wp-content\/uploads\/2011\/12\/IMG_9978.jpg 350w, https:\/\/kalisce.com\/blog\/wp-content\/uploads\/2011\/12\/IMG_9978-150x112.jpg 150w, https:\/\/kalisce.com\/blog\/wp-content\/uploads\/2011\/12\/IMG_9978-300x225.jpg 300w\" sizes=\"(max-width: 350px) 100vw, 350px\" \/><\/a><p id=\"caption-attachment-2176\" class=\"wp-caption-text\">Gasilska s Kredarice<\/p><\/div>\n<p>Prve slike so s <strong>Kredarice<\/strong>, kjer je bila zahvalna ma\u0161a za obnovo kapelice &#8211; pri tem je zelo aktivno sodeloval <strong>Primo\u017e<\/strong>, ki je tudi prispeval foto material.<\/p>\n<p>Prvi decembrski vikend so zaznamovale volitve na Hrva\u0161kem, v Sloveniji in na Kali\u0161\u010du (pa \u0161e kje) &#8211; ostala foto dokumentacija.<\/p>\n<p>Na Hrva\u0161kem je zmagal <strong>Zoki<\/strong>, v Sloveniji\u00a0<strong>Jankovi\u0107<\/strong>, v hribih nad Gorenjsko pa <strong>Ivo Ropret<\/strong>! \u010cestitke \u2757<\/p>\n<p><strong><a href=\"http:\/\/www.youtube.com\/watch?v=JiytBzAIqdU\">Film <\/a><\/strong>&#8211; rekordno hiter vzpon od potoka do Kali\u0161\u010da<\/p>\n<p><strong><a href=\"http:\/\/www.facebook.com\/media\/set\/?set=a.10150507557952642.441213.240050787641&amp;type=1\">Galerija<\/a><\/strong><\/p>\n<p><strong><a href=\"https:\/\/kalisce.com\/blog\/zimska-liga\/\">Zimska liga<\/a><\/strong> &#8211; 4. tekma, Mohor &#8211; <strong><a href=\"https:\/\/kalisce.com\/blog\/wp-content\/uploads\/2008\/09\/zl4.pdf\">rezultati<\/a><\/strong><\/p>\n","protected":false},"excerpt":{"rendered":"<p>Prve slike so s Kredarice, kjer je bila zahvalna ma\u0161a za obnovo kapelice &#8211; pri tem je zelo aktivno sodeloval Primo\u017e, ki je tudi prispeval foto material. Prvi decembrski vikend so zaznamovale volitve na Hrva\u0161kem, v Sloveniji in na Kali\u0161\u010du (pa \u0161e kje) &#8211; ostala foto dokumentacija. Na Hrva\u0161kem je zmagal Zoki, v Sloveniji\u00a0Jankovi\u0107, v [&hellip;]<\/p>\n","protected":false},"author":2,"featured_media":0,"comment_status":"open","ping_status":"open","sticky":false,"template":"","format":"standard","meta":{"footnotes":""},"categories":[8,5],"tags":[],"_links":{"self":[{"href":"https:\/\/kalisce.com\/blog\/wp-json\/wp\/v2\/posts\/2175"}],"collection":[{"href":"https:\/\/kalisce.com\/blog\/wp-json\/wp\/v2\/posts"}],"about":[{"href":"https:\/\/kalisce.com\/blog\/wp-json\/wp\/v2\/types\/post"}],"author":[{"embeddable":true,"href":"https:\/\/kalisce.com\/blog\/wp-json\/wp\/v2\/users\/2"}],"replies":[{"embeddable":true,"href":"https:\/\/kalisce.com\/blog\/wp-json\/wp\/v2\/comments?post=2175"}],"version-history":[{"count":11,"href":"https:\/\/kalisce.com\/blog\/wp-json\/wp\/v2\/posts\/2175\/revisions"}],"predecessor-version":[{"id":2178,"href":"https:\/\/kalisce.com\/blog\/wp-json\/wp\/v2\/posts\/2175\/revisions\/2178"}],"wp:attachment":[{"href":"https:\/\/kalisce.com\/blog\/wp-json\/wp\/v2\/media?parent=2175"}],"wp:term":[{"taxonomy":"category","embeddable":true,"href":"https:\/\/kalisce.com\/blog\/wp-json\/wp\/v2\/categories?post=2175"},{"taxonomy":"post_tag","embeddable":true,"href":"https:\/\/kalisce.com\/blog\/wp-json\/wp\/v2\/tags?post=2175"}],"curies":[{"name":"wp","href":"https:\/\/api.w.org\/{rel}","templated":true}]}}