{"id":2194,"date":"2011-12-11T18:32:24","date_gmt":"2011-12-11T17:32:24","guid":{"rendered":"http:\/\/kalisce.com\/blog\/?p=2194"},"modified":"2011-12-14T15:12:43","modified_gmt":"2011-12-14T14:12:43","slug":"jesenska-zima","status":"publish","type":"post","link":"https:\/\/kalisce.com\/blog\/2011\/12\/11\/jesenska-zima\/","title":{"rendered":"Jesenska zima :-("},"content":{"rendered":"<div id=\"attachment_2195\" style=\"width: 360px\" class=\"wp-caption alignleft\"><a href=\"http:\/\/www.facebook.com\/media\/set\/?set=a.10150521541227642.442578.240050787641&amp;type=1\"><img loading=\"lazy\" decoding=\"async\" aria-describedby=\"caption-attachment-2195\" class=\"size-full wp-image-2195\" title=\"Ro\u017eice sredi decembra\" src=\"https:\/\/kalisce.com\/blog\/wp-content\/uploads\/2011\/12\/IMG_1381.jpg\" alt=\"Ro\u017eice sredi decembra\" width=\"350\" height=\"263\" srcset=\"https:\/\/kalisce.com\/blog\/wp-content\/uploads\/2011\/12\/IMG_1381.jpg 350w, https:\/\/kalisce.com\/blog\/wp-content\/uploads\/2011\/12\/IMG_1381-150x112.jpg 150w, https:\/\/kalisce.com\/blog\/wp-content\/uploads\/2011\/12\/IMG_1381-300x225.jpg 300w\" sizes=\"(max-width: 350px) 100vw, 350px\" \/><\/a><p id=\"caption-attachment-2195\" class=\"wp-caption-text\">Ro\u017eice sredi decembra<\/p><\/div>\n<p>Sonca ni na pretek, ampak mraza pa \u0161e manj \ud83d\ude2f Nad 1000 m se je prebudil teloh! \u010ce bo \u0161lo naprej v takem tempu, bo kmalu redkvica na vrtu \ud83d\ude42<\/p>\n<p>Jesenski motivi so posneti na poti \u010dez\u00a0<strong>Kozjek <\/strong>(gor pa desno, spet gor, \u010dez greben, levo, gor, gor, gor pa si na <strong>Kali\u0161\u010du<\/strong>). Janez je spet dokumentiral vrh Stor\u017ei\u010da in dogajanje v bajti.<\/p>\n<p>Sobotno popoldne je bilo v znamenju kulturnega izobra\u017eevanja. Prilagam samo nekaj dokumentacije, ostalo pa je avtorsko za\u0161\u010diteno:<\/p>\n<p><strong><a href=\"http:\/\/www.youtube.com\/watch?v=ruZH2XSOZMk\">Film 1<\/a><\/strong><\/p>\n<p><a href=\"http:\/\/www.youtube.com\/watch?v=qPKiTchgI7I\"><strong>Film 2<\/strong><\/a><\/p>\n<p><strong><a href=\"http:\/\/www.youtube.com\/watch?v=T999bnEcRW0\">Film 3<\/a><\/strong><\/p>\n<p><strong><a href=\"http:\/\/www.facebook.com\/media\/set\/?set=a.10150521541227642.442578.240050787641&amp;type=1\">Galerija<\/a><\/strong><\/p>\n<p><strong><a href=\"http:\/\/www.facebook.com\/media\/set\/?set=a.10150527948427642.443171.240050787641&amp;type=1\">Galerija &#8211; Janez<\/a><\/strong><\/p>\n<p><strong><a href=\"https:\/\/kalisce.com\/blog\/zimska-liga\/\">Zimska liga<\/a><\/strong> &#8211; 5. tekma, Brdo &#8211; <strong><a href=\"https:\/\/kalisce.com\/blog\/wp-content\/uploads\/2011\/12\/zl5.pdf\">rezultati<\/a> &#8211; <a href=\"http:\/\/www.youtube.com\/watch?feature=player_embedded&amp;v=u76XaYKCHw4\">film<\/a> &#8211; <a href=\"https:\/\/picasaweb.google.com\/ajva64\/ZTL_Brdo_11122011#\">foto<\/a><\/strong><\/p>\n<p><strong><a href=\"https:\/\/kalisce.com\/blog\/wp-content\/uploads\/2011\/12\/tek2011.doc\">3. Novoletni tek na Kali\u0161\u010de &#8211; razpis<\/a><\/strong><\/p>\n","protected":false},"excerpt":{"rendered":"<p>Sonca ni na pretek, ampak mraza pa \u0161e manj \ud83d\ude2f Nad 1000 m se je prebudil teloh! \u010ce bo \u0161lo naprej v takem tempu, bo kmalu redkvica na vrtu \ud83d\ude42 Jesenski motivi so posneti na poti \u010dez\u00a0Kozjek (gor pa desno, spet gor, \u010dez greben, levo, gor, gor, gor pa si na Kali\u0161\u010du). Janez je spet [&hellip;]<\/p>\n","protected":false},"author":2,"featured_media":0,"comment_status":"open","ping_status":"open","sticky":false,"template":"","format":"standard","meta":{"footnotes":""},"categories":[9,5,14],"tags":[],"_links":{"self":[{"href":"https:\/\/kalisce.com\/blog\/wp-json\/wp\/v2\/posts\/2194"}],"collection":[{"href":"https:\/\/kalisce.com\/blog\/wp-json\/wp\/v2\/posts"}],"about":[{"href":"https:\/\/kalisce.com\/blog\/wp-json\/wp\/v2\/types\/post"}],"author":[{"embeddable":true,"href":"https:\/\/kalisce.com\/blog\/wp-json\/wp\/v2\/users\/2"}],"replies":[{"embeddable":true,"href":"https:\/\/kalisce.com\/blog\/wp-json\/wp\/v2\/comments?post=2194"}],"version-history":[{"count":11,"href":"https:\/\/kalisce.com\/blog\/wp-json\/wp\/v2\/posts\/2194\/revisions"}],"predecessor-version":[{"id":2198,"href":"https:\/\/kalisce.com\/blog\/wp-json\/wp\/v2\/posts\/2194\/revisions\/2198"}],"wp:attachment":[{"href":"https:\/\/kalisce.com\/blog\/wp-json\/wp\/v2\/media?parent=2194"}],"wp:term":[{"taxonomy":"category","embeddable":true,"href":"https:\/\/kalisce.com\/blog\/wp-json\/wp\/v2\/categories?post=2194"},{"taxonomy":"post_tag","embeddable":true,"href":"https:\/\/kalisce.com\/blog\/wp-json\/wp\/v2\/tags?post=2194"}],"curies":[{"name":"wp","href":"https:\/\/api.w.org\/{rel}","templated":true}]}}