{"id":2216,"date":"2011-12-18T16:59:33","date_gmt":"2011-12-18T15:59:33","guid":{"rendered":"http:\/\/kalisce.com\/blog\/?p=2216"},"modified":"2011-12-21T15:54:30","modified_gmt":"2011-12-21T14:54:30","slug":"sneg-2","status":"publish","type":"post","link":"https:\/\/kalisce.com\/blog\/2011\/12\/18\/sneg-2\/","title":{"rendered":"Sneg!"},"content":{"rendered":"<div id=\"attachment_2217\" style=\"width: 360px\" class=\"wp-caption alignleft\"><a href=\"http:\/\/www.facebook.com\/media\/set\/?set=a.10150539069632642.444720.240050787641&amp;type=1\"><img loading=\"lazy\" decoding=\"async\" aria-describedby=\"caption-attachment-2217\" class=\"size-full wp-image-2217\" title=\"Zasne\u017een kri\u017e na Stor\u017ei\u010du\" src=\"https:\/\/kalisce.com\/blog\/wp-content\/uploads\/2011\/12\/Storzic-11-1.jpg\" alt=\"Zasne\u017een kri\u017e na Stor\u017ei\u010du\" width=\"350\" height=\"263\" srcset=\"https:\/\/kalisce.com\/blog\/wp-content\/uploads\/2011\/12\/Storzic-11-1.jpg 350w, https:\/\/kalisce.com\/blog\/wp-content\/uploads\/2011\/12\/Storzic-11-1-150x112.jpg 150w, https:\/\/kalisce.com\/blog\/wp-content\/uploads\/2011\/12\/Storzic-11-1-300x225.jpg 300w\" sizes=\"(max-width: 350px) 100vw, 350px\" \/><\/a><p id=\"caption-attachment-2217\" class=\"wp-caption-text\">Zasne\u017een kri\u017e na Stor\u017ei\u010du<\/p><\/div>\n<p>Kon\u010dno \u2757 <strong>SNEG <\/strong>\u2757 Sicer debeline odeje ni ravno za prehvalit \ud83d\ude41<\/p>\n<p>Je \u017ee kazalo da bo Bo\u017ei\u010d zelen, \u010desar se najbolj bojimo.<\/p>\n<p>Prvi del galerije je nastal v soboto (kolesarska etapa mimo Kali\u0161\u010da), <strong>Primo\u017e <\/strong>je prispeval nedeljsko zimsko idilo z vrha Stor\u017ei\u010da &#8211; fou\u0161\u0161\u0161\u0161 <img src=\"https:\/\/kalisce.com\/blog\/wp-includes\/images\/smilies\/mrgreen.png\" alt=\":mrgreen:\" class=\"wp-smiley\" style=\"height: 1em; max-height: 1em;\" \/><\/p>\n<p>Zadnji del sne\u017ene galerije je z <strong>Ba\u0161eljskega vrha<\/strong> &#8211; avtor <strong>anonimen<\/strong>, foto<strong> Ixus HS 220.<\/strong><\/p>\n<p><strong><a href=\"http:\/\/www.facebook.com\/media\/set\/?set=a.10150539069632642.444720.240050787641&amp;type=1\">Galerija<\/a><\/strong><\/p>\n<p><strong><a href=\"http:\/\/www.facebook.com\/media\/set\/?set=a.10150540705847642.445072.240050787641&amp;type=1\">Galerija &#8211; Janez<\/a><\/strong><\/p>\n<p><strong><a href=\"https:\/\/picasaweb.google.com\/110673567128311316290\/NedavnoPosodobljeno\">Galerija &#8211; Andrej<\/a><\/strong><\/p>\n<p><strong><a href=\"http:\/\/www.facebook.com\/media\/set\/?set=a.342247929121900.97381.100000100885830&amp;type=1\">Galerija &#8211; Matej Kucler<\/a><\/strong><\/p>\n<p><strong><strong><a href=\"https:\/\/kalisce.com\/blog\/zimska-liga\/\">Zimska liga<\/a><\/strong> \u2013 Kali\u0161\u010de \u2013\u00a0<strong><a href=\"https:\/\/kalisce.com\/blog\/wp-content\/uploads\/2011\/12\/zl6.pdf\">rezultati<\/a> &#8211; <a href=\"https:\/\/picasaweb.google.com\/ajva64\/KZTL_Kalisce_18122011#\">foto<\/a> &#8211; <a href=\"http:\/\/www.youtube.com\/watch?v=C8PdzmiKXM8&amp;feature=youtu.be\">film<\/a><\/strong><\/strong><\/p>\n<p><strong><strong><a href=\"https:\/\/kalisce.com\/blog\/wp-content\/uploads\/2011\/12\/kljuke181211.pdf\">KLJUKE &#8211; vpisi do 18. decembra 2011<\/a><\/strong><\/strong><\/p>\n","protected":false},"excerpt":{"rendered":"<p>Kon\u010dno \u2757 SNEG \u2757 Sicer debeline odeje ni ravno za prehvalit \ud83d\ude41 Je \u017ee kazalo da bo Bo\u017ei\u010d zelen, \u010desar se najbolj bojimo. Prvi del galerije je nastal v soboto (kolesarska etapa mimo Kali\u0161\u010da), Primo\u017e je prispeval nedeljsko zimsko idilo z vrha Stor\u017ei\u010da &#8211; fou\u0161\u0161\u0161\u0161 Zadnji del sne\u017ene galerije je z Ba\u0161eljskega vrha &#8211; avtor [&hellip;]<\/p>\n","protected":false},"author":2,"featured_media":0,"comment_status":"open","ping_status":"open","sticky":false,"template":"","format":"standard","meta":{"footnotes":""},"categories":[9,8,5],"tags":[],"_links":{"self":[{"href":"https:\/\/kalisce.com\/blog\/wp-json\/wp\/v2\/posts\/2216"}],"collection":[{"href":"https:\/\/kalisce.com\/blog\/wp-json\/wp\/v2\/posts"}],"about":[{"href":"https:\/\/kalisce.com\/blog\/wp-json\/wp\/v2\/types\/post"}],"author":[{"embeddable":true,"href":"https:\/\/kalisce.com\/blog\/wp-json\/wp\/v2\/users\/2"}],"replies":[{"embeddable":true,"href":"https:\/\/kalisce.com\/blog\/wp-json\/wp\/v2\/comments?post=2216"}],"version-history":[{"count":14,"href":"https:\/\/kalisce.com\/blog\/wp-json\/wp\/v2\/posts\/2216\/revisions"}],"predecessor-version":[{"id":2220,"href":"https:\/\/kalisce.com\/blog\/wp-json\/wp\/v2\/posts\/2216\/revisions\/2220"}],"wp:attachment":[{"href":"https:\/\/kalisce.com\/blog\/wp-json\/wp\/v2\/media?parent=2216"}],"wp:term":[{"taxonomy":"category","embeddable":true,"href":"https:\/\/kalisce.com\/blog\/wp-json\/wp\/v2\/categories?post=2216"},{"taxonomy":"post_tag","embeddable":true,"href":"https:\/\/kalisce.com\/blog\/wp-json\/wp\/v2\/tags?post=2216"}],"curies":[{"name":"wp","href":"https:\/\/api.w.org\/{rel}","templated":true}]}}